{"id":1121,"date":"2022-07-18T19:34:25","date_gmt":"2022-07-18T19:34:25","guid":{"rendered":"https:\/\/www.maquinadepropaganda.com.br\/blog\/?p=1121"},"modified":"2022-08-19T18:11:26","modified_gmt":"2022-08-19T18:11:26","slug":"areia-para-quadra","status":"publish","type":"post","link":"https:\/\/www.maquinadepropaganda.com.br\/blog\/areia-para-quadra\/","title":{"rendered":"Areia para quadra &#8211; Conex\u00e3o Areia e Pedra"},"content":{"rendered":"\n<p>Procurando por uma empresa especializada na comercializa\u00e7\u00e3o de&nbsp;<strong><a href=\"https:\/\/www.conexaoareia.com.br\/areia-para-quadra.php\">Areia para quadra<\/a><\/strong>? Conhe\u00e7a agora mesmo a Conex\u00e3o Areia e Pedra, reconhecida no fornecimento de materiais de constru\u00e7\u00e3o de alta qualidade, como areia, pedras, cimentos, blocos e argilas.<\/p>\n\n\n\n<p>Atuando no mercado desde 2017, investimos em uma infraestrutura completa e de \u00faltima gera\u00e7\u00e3o para atender nossos clientes com efici\u00eancia e agilidade. Al\u00e9m disso, contamos com uma time de profissionais altamente qualificados e experientes em&nbsp;<strong>Areia para quadra<\/strong>, que est\u00e3o sempre dispon\u00edveis e preparados para sanar quaisquer d\u00favidas.<\/p>\n","protected":false},"excerpt":{"rendered":"<p>Procurando por uma empresa especializada na comercializa\u00e7\u00e3o de&nbsp;Areia para quadra? Conhe\u00e7a agora mesmo a Conex\u00e3o Areia e Pedra, reconhecida no fornecimento de materiais de constru\u00e7\u00e3o de alta qualidade, como areia, pedras, cimentos, blocos e argilas. Atuando no mercado desde 2017, investimos em uma infraestrutura completa e de \u00faltima gera\u00e7\u00e3o para atender nossos clientes com efici\u00eancia [&hellip;]<\/p>\n","protected":false},"author":2,"featured_media":1115,"comment_status":"open","ping_status":"open","sticky":false,"template":"","format":"standard","meta":{"footnotes":""},"categories":[6],"tags":[],"class_list":["post-1121","post","type-post","status-publish","format-standard","has-post-thumbnail","hentry","category-blog"],"yoast_head":"<!-- This site is optimized with the Yoast SEO plugin v27.4 - https:\/\/yoast.com\/product\/yoast-seo-wordpress\/ -->\n<title>Areia para quadra - Conex\u00e3o Areia e Pedra - Maquina de Propaganda<\/title>\n<meta name=\"robots\" content=\"index, follow, max-snippet:-1, max-image-preview:large, max-video-preview:-1\" \/>\n<link rel=\"canonical\" href=\"https:\/\/www.maquinadepropaganda.com.br\/blog\/areia-para-quadra\/\" \/>\n<meta property=\"og:locale\" content=\"pt_BR\" \/>\n<meta property=\"og:type\" content=\"article\" \/>\n<meta property=\"og:title\" content=\"Areia para quadra - Conex\u00e3o Areia e Pedra - Maquina de Propaganda\" \/>\n<meta property=\"og:description\" content=\"Procurando por uma empresa especializada na comercializa\u00e7\u00e3o de&nbsp;Areia para quadra? Conhe\u00e7a agora mesmo a Conex\u00e3o Areia e Pedra, reconhecida no fornecimento de materiais de constru\u00e7\u00e3o de alta qualidade, como areia, pedras, cimentos, blocos e argilas. Atuando no mercado desde 2017, investimos em uma infraestrutura completa e de \u00faltima gera\u00e7\u00e3o para atender nossos clientes com efici\u00eancia [&hellip;]\" \/>\n<meta property=\"og:url\" content=\"https:\/\/www.maquinadepropaganda.com.br\/blog\/areia-para-quadra\/\" \/>\n<meta property=\"og:site_name\" content=\"Maquina de Propaganda\" \/>\n<meta property=\"article:published_time\" content=\"2022-07-18T19:34:25+00:00\" \/>\n<meta property=\"article:modified_time\" content=\"2022-08-19T18:11:26+00:00\" \/>\n<meta property=\"og:image\" content=\"https:\/\/www.maquinadepropaganda.com.br\/blog\/wp-content\/uploads\/2022\/07\/areia-para-quadra.jpg\" \/>\n\t<meta property=\"og:image:width\" content=\"400\" \/>\n\t<meta property=\"og:image:height\" content=\"300\" \/>\n\t<meta property=\"og:image:type\" content=\"image\/jpeg\" \/>\n<meta name=\"author\" content=\"tecnico\" \/>\n<meta name=\"twitter:card\" content=\"summary_large_image\" \/>\n<meta name=\"twitter:label1\" content=\"Escrito por\" \/>\n\t<meta name=\"twitter:data1\" content=\"tecnico\" \/>\n<script type=\"application\/ld+json\" class=\"yoast-schema-graph\">{\"@context\":\"https:\\\/\\\/schema.org\",\"@graph\":[{\"@type\":\"Article\",\"@id\":\"https:\\\/\\\/www.maquinadepropaganda.com.br\\\/blog\\\/areia-para-quadra\\\/#article\",\"isPartOf\":{\"@id\":\"https:\\\/\\\/www.maquinadepropaganda.com.br\\\/blog\\\/areia-para-quadra\\\/\"},\"author\":{\"name\":\"tecnico\",\"@id\":\"https:\\\/\\\/www.maquinadepropaganda.com.br\\\/blog\\\/#\\\/schema\\\/person\\\/01e960051d378b73d3d441f3b712ecef\"},\"headline\":\"Areia para quadra &#8211; Conex\u00e3o Areia e Pedra\",\"datePublished\":\"2022-07-18T19:34:25+00:00\",\"dateModified\":\"2022-08-19T18:11:26+00:00\",\"mainEntityOfPage\":{\"@id\":\"https:\\\/\\\/www.maquinadepropaganda.com.br\\\/blog\\\/areia-para-quadra\\\/\"},\"wordCount\":104,\"commentCount\":0,\"publisher\":{\"@id\":\"https:\\\/\\\/www.maquinadepropaganda.com.br\\\/blog\\\/#organization\"},\"image\":{\"@id\":\"https:\\\/\\\/www.maquinadepropaganda.com.br\\\/blog\\\/areia-para-quadra\\\/#primaryimage\"},\"thumbnailUrl\":\"https:\\\/\\\/www.maquinadepropaganda.com.br\\\/blog\\\/wp-content\\\/uploads\\\/2022\\\/07\\\/areia-para-quadra.jpg\",\"articleSection\":[\"Blog\"],\"inLanguage\":\"pt-BR\",\"potentialAction\":[{\"@type\":\"CommentAction\",\"name\":\"Comment\",\"target\":[\"https:\\\/\\\/www.maquinadepropaganda.com.br\\\/blog\\\/areia-para-quadra\\\/#respond\"]}]},{\"@type\":\"WebPage\",\"@id\":\"https:\\\/\\\/www.maquinadepropaganda.com.br\\\/blog\\\/areia-para-quadra\\\/\",\"url\":\"https:\\\/\\\/www.maquinadepropaganda.com.br\\\/blog\\\/areia-para-quadra\\\/\",\"name\":\"Areia para quadra - Conex\u00e3o Areia e Pedra - Maquina de Propaganda\",\"isPartOf\":{\"@id\":\"https:\\\/\\\/www.maquinadepropaganda.com.br\\\/blog\\\/#website\"},\"primaryImageOfPage\":{\"@id\":\"https:\\\/\\\/www.maquinadepropaganda.com.br\\\/blog\\\/areia-para-quadra\\\/#primaryimage\"},\"image\":{\"@id\":\"https:\\\/\\\/www.maquinadepropaganda.com.br\\\/blog\\\/areia-para-quadra\\\/#primaryimage\"},\"thumbnailUrl\":\"https:\\\/\\\/www.maquinadepropaganda.com.br\\\/blog\\\/wp-content\\\/uploads\\\/2022\\\/07\\\/areia-para-quadra.jpg\",\"datePublished\":\"2022-07-18T19:34:25+00:00\",\"dateModified\":\"2022-08-19T18:11:26+00:00\",\"breadcrumb\":{\"@id\":\"https:\\\/\\\/www.maquinadepropaganda.com.br\\\/blog\\\/areia-para-quadra\\\/#breadcrumb\"},\"inLanguage\":\"pt-BR\",\"potentialAction\":[{\"@type\":\"ReadAction\",\"target\":[\"https:\\\/\\\/www.maquinadepropaganda.com.br\\\/blog\\\/areia-para-quadra\\\/\"]}]},{\"@type\":\"ImageObject\",\"inLanguage\":\"pt-BR\",\"@id\":\"https:\\\/\\\/www.maquinadepropaganda.com.br\\\/blog\\\/areia-para-quadra\\\/#primaryimage\",\"url\":\"https:\\\/\\\/www.maquinadepropaganda.com.br\\\/blog\\\/wp-content\\\/uploads\\\/2022\\\/07\\\/areia-para-quadra.jpg\",\"contentUrl\":\"https:\\\/\\\/www.maquinadepropaganda.com.br\\\/blog\\\/wp-content\\\/uploads\\\/2022\\\/07\\\/areia-para-quadra.jpg\",\"width\":400,\"height\":300},{\"@type\":\"BreadcrumbList\",\"@id\":\"https:\\\/\\\/www.maquinadepropaganda.com.br\\\/blog\\\/areia-para-quadra\\\/#breadcrumb\",\"itemListElement\":[{\"@type\":\"ListItem\",\"position\":1,\"name\":\"In\u00edcio\",\"item\":\"https:\\\/\\\/www.maquinadepropaganda.com.br\\\/blog\\\/\"},{\"@type\":\"ListItem\",\"position\":2,\"name\":\"Areia para quadra &#8211; Conex\u00e3o Areia e Pedra\"}]},{\"@type\":\"WebSite\",\"@id\":\"https:\\\/\\\/www.maquinadepropaganda.com.br\\\/blog\\\/#website\",\"url\":\"https:\\\/\\\/www.maquinadepropaganda.com.br\\\/blog\\\/\",\"name\":\"Maquina de Propaganda\",\"description\":\"Marketing Digital\",\"publisher\":{\"@id\":\"https:\\\/\\\/www.maquinadepropaganda.com.br\\\/blog\\\/#organization\"},\"potentialAction\":[{\"@type\":\"SearchAction\",\"target\":{\"@type\":\"EntryPoint\",\"urlTemplate\":\"https:\\\/\\\/www.maquinadepropaganda.com.br\\\/blog\\\/?s={search_term_string}\"},\"query-input\":{\"@type\":\"PropertyValueSpecification\",\"valueRequired\":true,\"valueName\":\"search_term_string\"}}],\"inLanguage\":\"pt-BR\"},{\"@type\":\"Organization\",\"@id\":\"https:\\\/\\\/www.maquinadepropaganda.com.br\\\/blog\\\/#organization\",\"name\":\"Maquina de Propaganda\",\"url\":\"https:\\\/\\\/www.maquinadepropaganda.com.br\\\/blog\\\/\",\"logo\":{\"@type\":\"ImageObject\",\"inLanguage\":\"pt-BR\",\"@id\":\"https:\\\/\\\/www.maquinadepropaganda.com.br\\\/blog\\\/#\\\/schema\\\/logo\\\/image\\\/\",\"url\":\"https:\\\/\\\/www.maquinadepropaganda.com.br\\\/blog\\\/wp-content\\\/uploads\\\/2021\\\/09\\\/cropped-logo.png\",\"contentUrl\":\"https:\\\/\\\/www.maquinadepropaganda.com.br\\\/blog\\\/wp-content\\\/uploads\\\/2021\\\/09\\\/cropped-logo.png\",\"width\":240,\"height\":49,\"caption\":\"Maquina de Propaganda\"},\"image\":{\"@id\":\"https:\\\/\\\/www.maquinadepropaganda.com.br\\\/blog\\\/#\\\/schema\\\/logo\\\/image\\\/\"}},{\"@type\":\"Person\",\"@id\":\"https:\\\/\\\/www.maquinadepropaganda.com.br\\\/blog\\\/#\\\/schema\\\/person\\\/01e960051d378b73d3d441f3b712ecef\",\"name\":\"tecnico\",\"image\":{\"@type\":\"ImageObject\",\"inLanguage\":\"pt-BR\",\"@id\":\"https:\\\/\\\/www.maquinadepropaganda.com.br\\\/blog\\\/wp-content\\\/litespeed\\\/avatar\\\/ec22396df6b132dbd18a958feeb56496.jpg?ver=1777314855\",\"url\":\"https:\\\/\\\/www.maquinadepropaganda.com.br\\\/blog\\\/wp-content\\\/litespeed\\\/avatar\\\/ec22396df6b132dbd18a958feeb56496.jpg?ver=1777314855\",\"contentUrl\":\"https:\\\/\\\/www.maquinadepropaganda.com.br\\\/blog\\\/wp-content\\\/litespeed\\\/avatar\\\/ec22396df6b132dbd18a958feeb56496.jpg?ver=1777314855\",\"caption\":\"tecnico\"},\"url\":\"https:\\\/\\\/www.maquinadepropaganda.com.br\\\/blog\\\/author\\\/tecnico\\\/\"}]}<\/script>\n<!-- \/ Yoast SEO plugin. -->","yoast_head_json":{"title":"Areia para quadra - Conex\u00e3o Areia e Pedra - Maquina de Propaganda","robots":{"index":"index","follow":"follow","max-snippet":"max-snippet:-1","max-image-preview":"max-image-preview:large","max-video-preview":"max-video-preview:-1"},"canonical":"https:\/\/www.maquinadepropaganda.com.br\/blog\/areia-para-quadra\/","og_locale":"pt_BR","og_type":"article","og_title":"Areia para quadra - Conex\u00e3o Areia e Pedra - Maquina de Propaganda","og_description":"Procurando por uma empresa especializada na comercializa\u00e7\u00e3o de&nbsp;Areia para quadra? Conhe\u00e7a agora mesmo a Conex\u00e3o Areia e Pedra, reconhecida no fornecimento de materiais de constru\u00e7\u00e3o de alta qualidade, como areia, pedras, cimentos, blocos e argilas. Atuando no mercado desde 2017, investimos em uma infraestrutura completa e de \u00faltima gera\u00e7\u00e3o para atender nossos clientes com efici\u00eancia [&hellip;]","og_url":"https:\/\/www.maquinadepropaganda.com.br\/blog\/areia-para-quadra\/","og_site_name":"Maquina de Propaganda","article_published_time":"2022-07-18T19:34:25+00:00","article_modified_time":"2022-08-19T18:11:26+00:00","og_image":[{"width":400,"height":300,"url":"https:\/\/www.maquinadepropaganda.com.br\/blog\/wp-content\/uploads\/2022\/07\/areia-para-quadra.jpg","type":"image\/jpeg"}],"author":"tecnico","twitter_card":"summary_large_image","twitter_misc":{"Escrito por":"tecnico"},"schema":{"@context":"https:\/\/schema.org","@graph":[{"@type":"Article","@id":"https:\/\/www.maquinadepropaganda.com.br\/blog\/areia-para-quadra\/#article","isPartOf":{"@id":"https:\/\/www.maquinadepropaganda.com.br\/blog\/areia-para-quadra\/"},"author":{"name":"tecnico","@id":"https:\/\/www.maquinadepropaganda.com.br\/blog\/#\/schema\/person\/01e960051d378b73d3d441f3b712ecef"},"headline":"Areia para quadra &#8211; Conex\u00e3o Areia e Pedra","datePublished":"2022-07-18T19:34:25+00:00","dateModified":"2022-08-19T18:11:26+00:00","mainEntityOfPage":{"@id":"https:\/\/www.maquinadepropaganda.com.br\/blog\/areia-para-quadra\/"},"wordCount":104,"commentCount":0,"publisher":{"@id":"https:\/\/www.maquinadepropaganda.com.br\/blog\/#organization"},"image":{"@id":"https:\/\/www.maquinadepropaganda.com.br\/blog\/areia-para-quadra\/#primaryimage"},"thumbnailUrl":"https:\/\/www.maquinadepropaganda.com.br\/blog\/wp-content\/uploads\/2022\/07\/areia-para-quadra.jpg","articleSection":["Blog"],"inLanguage":"pt-BR","potentialAction":[{"@type":"CommentAction","name":"Comment","target":["https:\/\/www.maquinadepropaganda.com.br\/blog\/areia-para-quadra\/#respond"]}]},{"@type":"WebPage","@id":"https:\/\/www.maquinadepropaganda.com.br\/blog\/areia-para-quadra\/","url":"https:\/\/www.maquinadepropaganda.com.br\/blog\/areia-para-quadra\/","name":"Areia para quadra - Conex\u00e3o Areia e Pedra - Maquina de Propaganda","isPartOf":{"@id":"https:\/\/www.maquinadepropaganda.com.br\/blog\/#website"},"primaryImageOfPage":{"@id":"https:\/\/www.maquinadepropaganda.com.br\/blog\/areia-para-quadra\/#primaryimage"},"image":{"@id":"https:\/\/www.maquinadepropaganda.com.br\/blog\/areia-para-quadra\/#primaryimage"},"thumbnailUrl":"https:\/\/www.maquinadepropaganda.com.br\/blog\/wp-content\/uploads\/2022\/07\/areia-para-quadra.jpg","datePublished":"2022-07-18T19:34:25+00:00","dateModified":"2022-08-19T18:11:26+00:00","breadcrumb":{"@id":"https:\/\/www.maquinadepropaganda.com.br\/blog\/areia-para-quadra\/#breadcrumb"},"inLanguage":"pt-BR","potentialAction":[{"@type":"ReadAction","target":["https:\/\/www.maquinadepropaganda.com.br\/blog\/areia-para-quadra\/"]}]},{"@type":"ImageObject","inLanguage":"pt-BR","@id":"https:\/\/www.maquinadepropaganda.com.br\/blog\/areia-para-quadra\/#primaryimage","url":"https:\/\/www.maquinadepropaganda.com.br\/blog\/wp-content\/uploads\/2022\/07\/areia-para-quadra.jpg","contentUrl":"https:\/\/www.maquinadepropaganda.com.br\/blog\/wp-content\/uploads\/2022\/07\/areia-para-quadra.jpg","width":400,"height":300},{"@type":"BreadcrumbList","@id":"https:\/\/www.maquinadepropaganda.com.br\/blog\/areia-para-quadra\/#breadcrumb","itemListElement":[{"@type":"ListItem","position":1,"name":"In\u00edcio","item":"https:\/\/www.maquinadepropaganda.com.br\/blog\/"},{"@type":"ListItem","position":2,"name":"Areia para quadra &#8211; Conex\u00e3o Areia e Pedra"}]},{"@type":"WebSite","@id":"https:\/\/www.maquinadepropaganda.com.br\/blog\/#website","url":"https:\/\/www.maquinadepropaganda.com.br\/blog\/","name":"Maquina de Propaganda","description":"Marketing Digital","publisher":{"@id":"https:\/\/www.maquinadepropaganda.com.br\/blog\/#organization"},"potentialAction":[{"@type":"SearchAction","target":{"@type":"EntryPoint","urlTemplate":"https:\/\/www.maquinadepropaganda.com.br\/blog\/?s={search_term_string}"},"query-input":{"@type":"PropertyValueSpecification","valueRequired":true,"valueName":"search_term_string"}}],"inLanguage":"pt-BR"},{"@type":"Organization","@id":"https:\/\/www.maquinadepropaganda.com.br\/blog\/#organization","name":"Maquina de Propaganda","url":"https:\/\/www.maquinadepropaganda.com.br\/blog\/","logo":{"@type":"ImageObject","inLanguage":"pt-BR","@id":"https:\/\/www.maquinadepropaganda.com.br\/blog\/#\/schema\/logo\/image\/","url":"https:\/\/www.maquinadepropaganda.com.br\/blog\/wp-content\/uploads\/2021\/09\/cropped-logo.png","contentUrl":"https:\/\/www.maquinadepropaganda.com.br\/blog\/wp-content\/uploads\/2021\/09\/cropped-logo.png","width":240,"height":49,"caption":"Maquina de Propaganda"},"image":{"@id":"https:\/\/www.maquinadepropaganda.com.br\/blog\/#\/schema\/logo\/image\/"}},{"@type":"Person","@id":"https:\/\/www.maquinadepropaganda.com.br\/blog\/#\/schema\/person\/01e960051d378b73d3d441f3b712ecef","name":"tecnico","image":{"@type":"ImageObject","inLanguage":"pt-BR","@id":"https:\/\/www.maquinadepropaganda.com.br\/blog\/wp-content\/litespeed\/avatar\/ec22396df6b132dbd18a958feeb56496.jpg?ver=1777314855","url":"https:\/\/www.maquinadepropaganda.com.br\/blog\/wp-content\/litespeed\/avatar\/ec22396df6b132dbd18a958feeb56496.jpg?ver=1777314855","contentUrl":"https:\/\/www.maquinadepropaganda.com.br\/blog\/wp-content\/litespeed\/avatar\/ec22396df6b132dbd18a958feeb56496.jpg?ver=1777314855","caption":"tecnico"},"url":"https:\/\/www.maquinadepropaganda.com.br\/blog\/author\/tecnico\/"}]}},"_links":{"self":[{"href":"https:\/\/www.maquinadepropaganda.com.br\/blog\/wp-json\/wp\/v2\/posts\/1121","targetHints":{"allow":["GET"]}}],"collection":[{"href":"https:\/\/www.maquinadepropaganda.com.br\/blog\/wp-json\/wp\/v2\/posts"}],"about":[{"href":"https:\/\/www.maquinadepropaganda.com.br\/blog\/wp-json\/wp\/v2\/types\/post"}],"author":[{"embeddable":true,"href":"https:\/\/www.maquinadepropaganda.com.br\/blog\/wp-json\/wp\/v2\/users\/2"}],"replies":[{"embeddable":true,"href":"https:\/\/www.maquinadepropaganda.com.br\/blog\/wp-json\/wp\/v2\/comments?post=1121"}],"version-history":[{"count":2,"href":"https:\/\/www.maquinadepropaganda.com.br\/blog\/wp-json\/wp\/v2\/posts\/1121\/revisions"}],"predecessor-version":[{"id":1426,"href":"https:\/\/www.maquinadepropaganda.com.br\/blog\/wp-json\/wp\/v2\/posts\/1121\/revisions\/1426"}],"wp:featuredmedia":[{"embeddable":true,"href":"https:\/\/www.maquinadepropaganda.com.br\/blog\/wp-json\/wp\/v2\/media\/1115"}],"wp:attachment":[{"href":"https:\/\/www.maquinadepropaganda.com.br\/blog\/wp-json\/wp\/v2\/media?parent=1121"}],"wp:term":[{"taxonomy":"category","embeddable":true,"href":"https:\/\/www.maquinadepropaganda.com.br\/blog\/wp-json\/wp\/v2\/categories?post=1121"},{"taxonomy":"post_tag","embeddable":true,"href":"https:\/\/www.maquinadepropaganda.com.br\/blog\/wp-json\/wp\/v2\/tags?post=1121"}],"curies":[{"name":"wp","href":"https:\/\/api.w.org\/{rel}","templated":true}]}}