{"id":2017,"date":"2023-08-18T19:35:59","date_gmt":"2023-08-18T19:35:59","guid":{"rendered":"https:\/\/www.maquinadepropaganda.com.br\/blog\/?p=2017"},"modified":"2023-08-18T19:35:59","modified_gmt":"2023-08-18T19:35:59","slug":"locacao-de-moveis-para-eventos-corporativos-sp","status":"publish","type":"post","link":"https:\/\/www.maquinadepropaganda.com.br\/blog\/locacao-de-moveis-para-eventos-corporativos-sp\/","title":{"rendered":"Loca\u00e7\u00e3o de m\u00f3veis para eventos corporativos SP"},"content":{"rendered":"<p>A Classe\u00a0<a href=\"https:\/\/www.classelocacao.com.br\/locacao-de-moveis-para-eventos-corporativos-sp\/\"><strong>Loca\u00e7\u00e3o de m\u00f3veis para eventos corporativos SP<\/strong><\/a>\u00a0\u00e9 uma empresa que atua h\u00e1 20 anos levando as melhores solu\u00e7\u00f5es para festas e eventos de diferentes estilos e portes, sempre prezando pela m\u00e1xima satisfa\u00e7\u00e3o dos clientes.<\/p>\n<p>Trazemos ao mercado de\u00a0<strong>Loca\u00e7\u00e3o de m\u00f3veis para eventos corporativos SP<\/strong>\u00a0um conceito inovador, que combina alta qualidade, sofistica\u00e7\u00e3o e sustentabilidade para transformar eventos sociais e corporativos em acontecimentos \u00fanicos e exclusivos.<\/p>\n<p>Temos um amplo cat\u00e1logo que incluem mesas, cadeiras, bancadas, roupeiros, puffs, sof\u00e1s, acess\u00f3rios e at\u00e9 eletrodom\u00e9sticos. Al\u00e9m disso, todos os m\u00f3veis passam por manuten\u00e7\u00f5es e higieniza\u00e7\u00f5es antes e depois do evento, garantindo maior seguran\u00e7a e tranquilidade.<\/p>\n<p>Com uma equipe especializada em servi\u00e7os de\u00a0<a href=\"https:\/\/www.classelocacao.com.br\/locacao-de-moveis-para-eventos-corporativos-sp\/\"><strong>Loca\u00e7\u00e3o de m\u00f3veis para eventos corporativos SP<\/strong><\/a>, somos reconhecidos no mercado pela pontualidade na entrega, pela qualidade de nossos projetos, e customiza\u00e7\u00e3o que objetivam sempre em excelentes resultados.<\/p>\n<p>Por exemplo, j\u00e1 atendemos centenas de clientes e parceiros que indicam nosso trabalho, como Rede Globo, Abril, Johnson&amp;Johnson e outras grandes organiza\u00e7\u00f5es.<\/p>\n<p>Ao investir na\u00a0<strong>loca\u00e7\u00e3o de m\u00f3veis para eventos corporativos SP<\/strong>\u00a0voc\u00ea evita um alto gasto na compra de m\u00f3veis e se livra de fazer a montagem, desmontagem e armazenamento.<\/p>\n<p>Entre em contato e solicite uma cota\u00e7\u00e3o! Temos o melhor custo-benef\u00edcio, com um estoque repleto de produtos de alta qualidade e variedades unidos a um pre\u00e7o acess\u00edvel para\u00a0<strong>loca\u00e7\u00e3o de m\u00f3veis para eventos corporativos SP<\/strong>.<\/p>\n","protected":false},"excerpt":{"rendered":"<p>A Classe\u00a0Loca\u00e7\u00e3o de m\u00f3veis para eventos corporativos SP\u00a0\u00e9 uma empresa que atua h\u00e1 20 anos levando as melhores solu\u00e7\u00f5es para festas e eventos de diferentes estilos e portes, sempre prezando pela m\u00e1xima satisfa\u00e7\u00e3o dos clientes. Trazemos ao mercado de\u00a0Loca\u00e7\u00e3o de m\u00f3veis para eventos corporativos SP\u00a0um conceito inovador, que combina alta qualidade, sofistica\u00e7\u00e3o e sustentabilidade para [&hellip;]<\/p>\n","protected":false},"author":1,"featured_media":2018,"comment_status":"open","ping_status":"open","sticky":false,"template":"","format":"standard","meta":{"footnotes":""},"categories":[6],"tags":[393,268,210,392,183],"class_list":["post-2017","post","type-post","status-publish","format-standard","has-post-thumbnail","hentry","category-blog","tag-corporativos","tag-eventos","tag-locacao","tag-moveis","tag-sp"],"yoast_head":"<!-- This site is optimized with the Yoast SEO plugin v27.4 - https:\/\/yoast.com\/product\/yoast-seo-wordpress\/ -->\n<title>Loca\u00e7\u00e3o de m\u00f3veis para eventos corporativos SP - Maquina de Propaganda<\/title>\n<meta name=\"robots\" content=\"index, follow, max-snippet:-1, max-image-preview:large, max-video-preview:-1\" \/>\n<link rel=\"canonical\" href=\"https:\/\/www.maquinadepropaganda.com.br\/blog\/locacao-de-moveis-para-eventos-corporativos-sp\/\" \/>\n<meta property=\"og:locale\" content=\"pt_BR\" \/>\n<meta property=\"og:type\" content=\"article\" \/>\n<meta property=\"og:title\" content=\"Loca\u00e7\u00e3o de m\u00f3veis para eventos corporativos SP - Maquina de Propaganda\" \/>\n<meta property=\"og:description\" content=\"A Classe\u00a0Loca\u00e7\u00e3o de m\u00f3veis para eventos corporativos SP\u00a0\u00e9 uma empresa que atua h\u00e1 20 anos levando as melhores solu\u00e7\u00f5es para festas e eventos de diferentes estilos e portes, sempre prezando pela m\u00e1xima satisfa\u00e7\u00e3o dos clientes. Trazemos ao mercado de\u00a0Loca\u00e7\u00e3o de m\u00f3veis para eventos corporativos SP\u00a0um conceito inovador, que combina alta qualidade, sofistica\u00e7\u00e3o e sustentabilidade para [&hellip;]\" \/>\n<meta property=\"og:url\" content=\"https:\/\/www.maquinadepropaganda.com.br\/blog\/locacao-de-moveis-para-eventos-corporativos-sp\/\" \/>\n<meta property=\"og:site_name\" content=\"Maquina de Propaganda\" \/>\n<meta property=\"article:published_time\" content=\"2023-08-18T19:35:59+00:00\" \/>\n<meta property=\"og:image\" content=\"https:\/\/www.maquinadepropaganda.com.br\/blog\/wp-content\/uploads\/2023\/08\/classe.jpg\" \/>\n\t<meta property=\"og:image:width\" content=\"512\" \/>\n\t<meta property=\"og:image:height\" content=\"245\" \/>\n\t<meta property=\"og:image:type\" content=\"image\/jpeg\" \/>\n<meta name=\"author\" content=\"admin\" \/>\n<meta name=\"twitter:card\" content=\"summary_large_image\" \/>\n<meta name=\"twitter:label1\" content=\"Escrito por\" \/>\n\t<meta name=\"twitter:data1\" content=\"admin\" \/>\n\t<meta name=\"twitter:label2\" content=\"Est. tempo de leitura\" \/>\n\t<meta name=\"twitter:data2\" content=\"1 minuto\" \/>\n<script type=\"application\/ld+json\" class=\"yoast-schema-graph\">{\"@context\":\"https:\\\/\\\/schema.org\",\"@graph\":[{\"@type\":\"Article\",\"@id\":\"https:\\\/\\\/www.maquinadepropaganda.com.br\\\/blog\\\/locacao-de-moveis-para-eventos-corporativos-sp\\\/#article\",\"isPartOf\":{\"@id\":\"https:\\\/\\\/www.maquinadepropaganda.com.br\\\/blog\\\/locacao-de-moveis-para-eventos-corporativos-sp\\\/\"},\"author\":{\"name\":\"admin\",\"@id\":\"https:\\\/\\\/www.maquinadepropaganda.com.br\\\/blog\\\/#\\\/schema\\\/person\\\/50b25b06af5d877ed4f46dc8f4f055b8\"},\"headline\":\"Loca\u00e7\u00e3o de m\u00f3veis para eventos corporativos SP\",\"datePublished\":\"2023-08-18T19:35:59+00:00\",\"mainEntityOfPage\":{\"@id\":\"https:\\\/\\\/www.maquinadepropaganda.com.br\\\/blog\\\/locacao-de-moveis-para-eventos-corporativos-sp\\\/\"},\"wordCount\":266,\"commentCount\":0,\"publisher\":{\"@id\":\"https:\\\/\\\/www.maquinadepropaganda.com.br\\\/blog\\\/#organization\"},\"image\":{\"@id\":\"https:\\\/\\\/www.maquinadepropaganda.com.br\\\/blog\\\/locacao-de-moveis-para-eventos-corporativos-sp\\\/#primaryimage\"},\"thumbnailUrl\":\"https:\\\/\\\/www.maquinadepropaganda.com.br\\\/blog\\\/wp-content\\\/uploads\\\/2023\\\/08\\\/classe.jpg\",\"keywords\":[\"corporativos\",\"Eventos\",\"loca\u00e7\u00e3o\",\"m\u00f3veis\",\"SP\"],\"articleSection\":[\"Blog\"],\"inLanguage\":\"pt-BR\",\"potentialAction\":[{\"@type\":\"CommentAction\",\"name\":\"Comment\",\"target\":[\"https:\\\/\\\/www.maquinadepropaganda.com.br\\\/blog\\\/locacao-de-moveis-para-eventos-corporativos-sp\\\/#respond\"]}]},{\"@type\":\"WebPage\",\"@id\":\"https:\\\/\\\/www.maquinadepropaganda.com.br\\\/blog\\\/locacao-de-moveis-para-eventos-corporativos-sp\\\/\",\"url\":\"https:\\\/\\\/www.maquinadepropaganda.com.br\\\/blog\\\/locacao-de-moveis-para-eventos-corporativos-sp\\\/\",\"name\":\"Loca\u00e7\u00e3o de m\u00f3veis para eventos corporativos SP - Maquina de Propaganda\",\"isPartOf\":{\"@id\":\"https:\\\/\\\/www.maquinadepropaganda.com.br\\\/blog\\\/#website\"},\"primaryImageOfPage\":{\"@id\":\"https:\\\/\\\/www.maquinadepropaganda.com.br\\\/blog\\\/locacao-de-moveis-para-eventos-corporativos-sp\\\/#primaryimage\"},\"image\":{\"@id\":\"https:\\\/\\\/www.maquinadepropaganda.com.br\\\/blog\\\/locacao-de-moveis-para-eventos-corporativos-sp\\\/#primaryimage\"},\"thumbnailUrl\":\"https:\\\/\\\/www.maquinadepropaganda.com.br\\\/blog\\\/wp-content\\\/uploads\\\/2023\\\/08\\\/classe.jpg\",\"datePublished\":\"2023-08-18T19:35:59+00:00\",\"breadcrumb\":{\"@id\":\"https:\\\/\\\/www.maquinadepropaganda.com.br\\\/blog\\\/locacao-de-moveis-para-eventos-corporativos-sp\\\/#breadcrumb\"},\"inLanguage\":\"pt-BR\",\"potentialAction\":[{\"@type\":\"ReadAction\",\"target\":[\"https:\\\/\\\/www.maquinadepropaganda.com.br\\\/blog\\\/locacao-de-moveis-para-eventos-corporativos-sp\\\/\"]}]},{\"@type\":\"ImageObject\",\"inLanguage\":\"pt-BR\",\"@id\":\"https:\\\/\\\/www.maquinadepropaganda.com.br\\\/blog\\\/locacao-de-moveis-para-eventos-corporativos-sp\\\/#primaryimage\",\"url\":\"https:\\\/\\\/www.maquinadepropaganda.com.br\\\/blog\\\/wp-content\\\/uploads\\\/2023\\\/08\\\/classe.jpg\",\"contentUrl\":\"https:\\\/\\\/www.maquinadepropaganda.com.br\\\/blog\\\/wp-content\\\/uploads\\\/2023\\\/08\\\/classe.jpg\",\"width\":512,\"height\":245},{\"@type\":\"BreadcrumbList\",\"@id\":\"https:\\\/\\\/www.maquinadepropaganda.com.br\\\/blog\\\/locacao-de-moveis-para-eventos-corporativos-sp\\\/#breadcrumb\",\"itemListElement\":[{\"@type\":\"ListItem\",\"position\":1,\"name\":\"In\u00edcio\",\"item\":\"https:\\\/\\\/www.maquinadepropaganda.com.br\\\/blog\\\/\"},{\"@type\":\"ListItem\",\"position\":2,\"name\":\"Loca\u00e7\u00e3o de m\u00f3veis para eventos corporativos SP\"}]},{\"@type\":\"WebSite\",\"@id\":\"https:\\\/\\\/www.maquinadepropaganda.com.br\\\/blog\\\/#website\",\"url\":\"https:\\\/\\\/www.maquinadepropaganda.com.br\\\/blog\\\/\",\"name\":\"Maquina de Propaganda\",\"description\":\"Marketing Digital\",\"publisher\":{\"@id\":\"https:\\\/\\\/www.maquinadepropaganda.com.br\\\/blog\\\/#organization\"},\"potentialAction\":[{\"@type\":\"SearchAction\",\"target\":{\"@type\":\"EntryPoint\",\"urlTemplate\":\"https:\\\/\\\/www.maquinadepropaganda.com.br\\\/blog\\\/?s={search_term_string}\"},\"query-input\":{\"@type\":\"PropertyValueSpecification\",\"valueRequired\":true,\"valueName\":\"search_term_string\"}}],\"inLanguage\":\"pt-BR\"},{\"@type\":\"Organization\",\"@id\":\"https:\\\/\\\/www.maquinadepropaganda.com.br\\\/blog\\\/#organization\",\"name\":\"Maquina de Propaganda\",\"url\":\"https:\\\/\\\/www.maquinadepropaganda.com.br\\\/blog\\\/\",\"logo\":{\"@type\":\"ImageObject\",\"inLanguage\":\"pt-BR\",\"@id\":\"https:\\\/\\\/www.maquinadepropaganda.com.br\\\/blog\\\/#\\\/schema\\\/logo\\\/image\\\/\",\"url\":\"https:\\\/\\\/www.maquinadepropaganda.com.br\\\/blog\\\/wp-content\\\/uploads\\\/2021\\\/09\\\/cropped-logo.png\",\"contentUrl\":\"https:\\\/\\\/www.maquinadepropaganda.com.br\\\/blog\\\/wp-content\\\/uploads\\\/2021\\\/09\\\/cropped-logo.png\",\"width\":240,\"height\":49,\"caption\":\"Maquina de Propaganda\"},\"image\":{\"@id\":\"https:\\\/\\\/www.maquinadepropaganda.com.br\\\/blog\\\/#\\\/schema\\\/logo\\\/image\\\/\"}},{\"@type\":\"Person\",\"@id\":\"https:\\\/\\\/www.maquinadepropaganda.com.br\\\/blog\\\/#\\\/schema\\\/person\\\/50b25b06af5d877ed4f46dc8f4f055b8\",\"name\":\"admin\",\"image\":{\"@type\":\"ImageObject\",\"inLanguage\":\"pt-BR\",\"@id\":\"https:\\\/\\\/www.maquinadepropaganda.com.br\\\/blog\\\/wp-content\\\/litespeed\\\/avatar\\\/4b824cf09742ea97423d0f7c2267bce7.jpg?ver=1777265065\",\"url\":\"https:\\\/\\\/www.maquinadepropaganda.com.br\\\/blog\\\/wp-content\\\/litespeed\\\/avatar\\\/4b824cf09742ea97423d0f7c2267bce7.jpg?ver=1777265065\",\"contentUrl\":\"https:\\\/\\\/www.maquinadepropaganda.com.br\\\/blog\\\/wp-content\\\/litespeed\\\/avatar\\\/4b824cf09742ea97423d0f7c2267bce7.jpg?ver=1777265065\",\"caption\":\"admin\"},\"sameAs\":[\"https:\\\/\\\/www.aparecernogoogle.com.br\\\/\"],\"url\":\"https:\\\/\\\/www.maquinadepropaganda.com.br\\\/blog\\\/author\\\/admin\\\/\"}]}<\/script>\n<!-- \/ Yoast SEO plugin. -->","yoast_head_json":{"title":"Loca\u00e7\u00e3o de m\u00f3veis para eventos corporativos SP - Maquina de Propaganda","robots":{"index":"index","follow":"follow","max-snippet":"max-snippet:-1","max-image-preview":"max-image-preview:large","max-video-preview":"max-video-preview:-1"},"canonical":"https:\/\/www.maquinadepropaganda.com.br\/blog\/locacao-de-moveis-para-eventos-corporativos-sp\/","og_locale":"pt_BR","og_type":"article","og_title":"Loca\u00e7\u00e3o de m\u00f3veis para eventos corporativos SP - Maquina de Propaganda","og_description":"A Classe\u00a0Loca\u00e7\u00e3o de m\u00f3veis para eventos corporativos SP\u00a0\u00e9 uma empresa que atua h\u00e1 20 anos levando as melhores solu\u00e7\u00f5es para festas e eventos de diferentes estilos e portes, sempre prezando pela m\u00e1xima satisfa\u00e7\u00e3o dos clientes. Trazemos ao mercado de\u00a0Loca\u00e7\u00e3o de m\u00f3veis para eventos corporativos SP\u00a0um conceito inovador, que combina alta qualidade, sofistica\u00e7\u00e3o e sustentabilidade para [&hellip;]","og_url":"https:\/\/www.maquinadepropaganda.com.br\/blog\/locacao-de-moveis-para-eventos-corporativos-sp\/","og_site_name":"Maquina de Propaganda","article_published_time":"2023-08-18T19:35:59+00:00","og_image":[{"width":512,"height":245,"url":"https:\/\/www.maquinadepropaganda.com.br\/blog\/wp-content\/uploads\/2023\/08\/classe.jpg","type":"image\/jpeg"}],"author":"admin","twitter_card":"summary_large_image","twitter_misc":{"Escrito por":"admin","Est. tempo de leitura":"1 minuto"},"schema":{"@context":"https:\/\/schema.org","@graph":[{"@type":"Article","@id":"https:\/\/www.maquinadepropaganda.com.br\/blog\/locacao-de-moveis-para-eventos-corporativos-sp\/#article","isPartOf":{"@id":"https:\/\/www.maquinadepropaganda.com.br\/blog\/locacao-de-moveis-para-eventos-corporativos-sp\/"},"author":{"name":"admin","@id":"https:\/\/www.maquinadepropaganda.com.br\/blog\/#\/schema\/person\/50b25b06af5d877ed4f46dc8f4f055b8"},"headline":"Loca\u00e7\u00e3o de m\u00f3veis para eventos corporativos SP","datePublished":"2023-08-18T19:35:59+00:00","mainEntityOfPage":{"@id":"https:\/\/www.maquinadepropaganda.com.br\/blog\/locacao-de-moveis-para-eventos-corporativos-sp\/"},"wordCount":266,"commentCount":0,"publisher":{"@id":"https:\/\/www.maquinadepropaganda.com.br\/blog\/#organization"},"image":{"@id":"https:\/\/www.maquinadepropaganda.com.br\/blog\/locacao-de-moveis-para-eventos-corporativos-sp\/#primaryimage"},"thumbnailUrl":"https:\/\/www.maquinadepropaganda.com.br\/blog\/wp-content\/uploads\/2023\/08\/classe.jpg","keywords":["corporativos","Eventos","loca\u00e7\u00e3o","m\u00f3veis","SP"],"articleSection":["Blog"],"inLanguage":"pt-BR","potentialAction":[{"@type":"CommentAction","name":"Comment","target":["https:\/\/www.maquinadepropaganda.com.br\/blog\/locacao-de-moveis-para-eventos-corporativos-sp\/#respond"]}]},{"@type":"WebPage","@id":"https:\/\/www.maquinadepropaganda.com.br\/blog\/locacao-de-moveis-para-eventos-corporativos-sp\/","url":"https:\/\/www.maquinadepropaganda.com.br\/blog\/locacao-de-moveis-para-eventos-corporativos-sp\/","name":"Loca\u00e7\u00e3o de m\u00f3veis para eventos corporativos SP - Maquina de Propaganda","isPartOf":{"@id":"https:\/\/www.maquinadepropaganda.com.br\/blog\/#website"},"primaryImageOfPage":{"@id":"https:\/\/www.maquinadepropaganda.com.br\/blog\/locacao-de-moveis-para-eventos-corporativos-sp\/#primaryimage"},"image":{"@id":"https:\/\/www.maquinadepropaganda.com.br\/blog\/locacao-de-moveis-para-eventos-corporativos-sp\/#primaryimage"},"thumbnailUrl":"https:\/\/www.maquinadepropaganda.com.br\/blog\/wp-content\/uploads\/2023\/08\/classe.jpg","datePublished":"2023-08-18T19:35:59+00:00","breadcrumb":{"@id":"https:\/\/www.maquinadepropaganda.com.br\/blog\/locacao-de-moveis-para-eventos-corporativos-sp\/#breadcrumb"},"inLanguage":"pt-BR","potentialAction":[{"@type":"ReadAction","target":["https:\/\/www.maquinadepropaganda.com.br\/blog\/locacao-de-moveis-para-eventos-corporativos-sp\/"]}]},{"@type":"ImageObject","inLanguage":"pt-BR","@id":"https:\/\/www.maquinadepropaganda.com.br\/blog\/locacao-de-moveis-para-eventos-corporativos-sp\/#primaryimage","url":"https:\/\/www.maquinadepropaganda.com.br\/blog\/wp-content\/uploads\/2023\/08\/classe.jpg","contentUrl":"https:\/\/www.maquinadepropaganda.com.br\/blog\/wp-content\/uploads\/2023\/08\/classe.jpg","width":512,"height":245},{"@type":"BreadcrumbList","@id":"https:\/\/www.maquinadepropaganda.com.br\/blog\/locacao-de-moveis-para-eventos-corporativos-sp\/#breadcrumb","itemListElement":[{"@type":"ListItem","position":1,"name":"In\u00edcio","item":"https:\/\/www.maquinadepropaganda.com.br\/blog\/"},{"@type":"ListItem","position":2,"name":"Loca\u00e7\u00e3o de m\u00f3veis para eventos corporativos SP"}]},{"@type":"WebSite","@id":"https:\/\/www.maquinadepropaganda.com.br\/blog\/#website","url":"https:\/\/www.maquinadepropaganda.com.br\/blog\/","name":"Maquina de Propaganda","description":"Marketing Digital","publisher":{"@id":"https:\/\/www.maquinadepropaganda.com.br\/blog\/#organization"},"potentialAction":[{"@type":"SearchAction","target":{"@type":"EntryPoint","urlTemplate":"https:\/\/www.maquinadepropaganda.com.br\/blog\/?s={search_term_string}"},"query-input":{"@type":"PropertyValueSpecification","valueRequired":true,"valueName":"search_term_string"}}],"inLanguage":"pt-BR"},{"@type":"Organization","@id":"https:\/\/www.maquinadepropaganda.com.br\/blog\/#organization","name":"Maquina de Propaganda","url":"https:\/\/www.maquinadepropaganda.com.br\/blog\/","logo":{"@type":"ImageObject","inLanguage":"pt-BR","@id":"https:\/\/www.maquinadepropaganda.com.br\/blog\/#\/schema\/logo\/image\/","url":"https:\/\/www.maquinadepropaganda.com.br\/blog\/wp-content\/uploads\/2021\/09\/cropped-logo.png","contentUrl":"https:\/\/www.maquinadepropaganda.com.br\/blog\/wp-content\/uploads\/2021\/09\/cropped-logo.png","width":240,"height":49,"caption":"Maquina de Propaganda"},"image":{"@id":"https:\/\/www.maquinadepropaganda.com.br\/blog\/#\/schema\/logo\/image\/"}},{"@type":"Person","@id":"https:\/\/www.maquinadepropaganda.com.br\/blog\/#\/schema\/person\/50b25b06af5d877ed4f46dc8f4f055b8","name":"admin","image":{"@type":"ImageObject","inLanguage":"pt-BR","@id":"https:\/\/www.maquinadepropaganda.com.br\/blog\/wp-content\/litespeed\/avatar\/4b824cf09742ea97423d0f7c2267bce7.jpg?ver=1777265065","url":"https:\/\/www.maquinadepropaganda.com.br\/blog\/wp-content\/litespeed\/avatar\/4b824cf09742ea97423d0f7c2267bce7.jpg?ver=1777265065","contentUrl":"https:\/\/www.maquinadepropaganda.com.br\/blog\/wp-content\/litespeed\/avatar\/4b824cf09742ea97423d0f7c2267bce7.jpg?ver=1777265065","caption":"admin"},"sameAs":["https:\/\/www.aparecernogoogle.com.br\/"],"url":"https:\/\/www.maquinadepropaganda.com.br\/blog\/author\/admin\/"}]}},"_links":{"self":[{"href":"https:\/\/www.maquinadepropaganda.com.br\/blog\/wp-json\/wp\/v2\/posts\/2017","targetHints":{"allow":["GET"]}}],"collection":[{"href":"https:\/\/www.maquinadepropaganda.com.br\/blog\/wp-json\/wp\/v2\/posts"}],"about":[{"href":"https:\/\/www.maquinadepropaganda.com.br\/blog\/wp-json\/wp\/v2\/types\/post"}],"author":[{"embeddable":true,"href":"https:\/\/www.maquinadepropaganda.com.br\/blog\/wp-json\/wp\/v2\/users\/1"}],"replies":[{"embeddable":true,"href":"https:\/\/www.maquinadepropaganda.com.br\/blog\/wp-json\/wp\/v2\/comments?post=2017"}],"version-history":[{"count":1,"href":"https:\/\/www.maquinadepropaganda.com.br\/blog\/wp-json\/wp\/v2\/posts\/2017\/revisions"}],"predecessor-version":[{"id":2019,"href":"https:\/\/www.maquinadepropaganda.com.br\/blog\/wp-json\/wp\/v2\/posts\/2017\/revisions\/2019"}],"wp:featuredmedia":[{"embeddable":true,"href":"https:\/\/www.maquinadepropaganda.com.br\/blog\/wp-json\/wp\/v2\/media\/2018"}],"wp:attachment":[{"href":"https:\/\/www.maquinadepropaganda.com.br\/blog\/wp-json\/wp\/v2\/media?parent=2017"}],"wp:term":[{"taxonomy":"category","embeddable":true,"href":"https:\/\/www.maquinadepropaganda.com.br\/blog\/wp-json\/wp\/v2\/categories?post=2017"},{"taxonomy":"post_tag","embeddable":true,"href":"https:\/\/www.maquinadepropaganda.com.br\/blog\/wp-json\/wp\/v2\/tags?post=2017"}],"curies":[{"name":"wp","href":"https:\/\/api.w.org\/{rel}","templated":true}]}}