{"id":2198,"date":"2023-10-18T18:22:40","date_gmt":"2023-10-18T18:22:40","guid":{"rendered":"https:\/\/www.maquinadepropaganda.com.br\/blog\/?p=2198"},"modified":"2023-10-18T18:22:40","modified_gmt":"2023-10-18T18:22:40","slug":"rede-de-protecao-para-janelas-em-porto-alegre","status":"publish","type":"post","link":"https:\/\/www.maquinadepropaganda.com.br\/blog\/rede-de-protecao-para-janelas-em-porto-alegre\/","title":{"rendered":"Rede De Prote\u00e7\u00e3o Para Janelas Em Porto Alegre"},"content":{"rendered":"<h2>Rede De Prote\u00e7\u00e3o Para Janelas Em Porto Alegre &#8211; Seguran\u00e7a E Tranquilidade Para O Seu Lar!<\/h2>\n<p>Se voc\u00ea est\u00e1 em busca de uma solu\u00e7\u00e3o confi\u00e1vel e eficiente para proteger as janelas da sua resid\u00eancia em Porto Alegre, n\u00e3o procure mais! A Solaris Rede de Prote\u00e7\u00e3o \u00e9 a escolha perfeita para garantir a seguran\u00e7a da sua fam\u00edlia e oferecer tranquilidade em rela\u00e7\u00e3o a poss\u00edveis acidentes e quedas. Com anos de experi\u00eancia e um compromisso inabal\u00e1vel com a qualidade, somos especialistas em instala\u00e7\u00e3o de\u00a0<a href=\"https:\/\/www.solarisredes.com.br\/rede-protecao-para-janelas-em-porto-alegre\"><strong>rede de prote\u00e7\u00e3o para janelas em Porto Alegre<\/strong><\/a>. Conte conosco para proteger o seu lar com seguran\u00e7a e estilo.<\/p>\n<h4>Prote\u00e7\u00e3o Em Primeiro Lugar!<\/h4>\n<p>Na Solaris Rede de Prote\u00e7\u00e3o, a seguran\u00e7a \u00e9 nossa prioridade n\u00famero um! Nossas <a href=\"https:\/\/www.solarisredes.com.br\/rede-protecao-para-janelas-em-porto-alegre\">redes de prote\u00e7\u00e3o para janelas em Porto Alegre<\/a> s\u00e3o projetadas para evitar quedas e acidentes, garantindo a prote\u00e7\u00e3o da sua fam\u00edlia, especialmente crian\u00e7as e animais de estima\u00e7\u00e3o. Com a instala\u00e7\u00e3o de uma rede de prote\u00e7\u00e3o confi\u00e1vel e resistente, voc\u00ea poder\u00e1 desfrutar de sua casa com tranquilidade, sabendo que seus entes queridos est\u00e3o protegidos.<\/p>\n<h4>Especialistas Em Instala\u00e7\u00e3o<\/h4>\n<p>Nossa equipe de profissionais altamente capacitados \u00e9 especializada na instala\u00e7\u00e3o de <a href=\"https:\/\/www.solarisredes.com.br\/rede-protecao-para-janelas-em-porto-alegre\">redes de prote\u00e7\u00e3o para janelas em Porto Alegre<\/a>. Com conhecimento t\u00e9cnico e experi\u00eancia, garantimos uma instala\u00e7\u00e3o precisa e segura. Adaptamos as redes \u00e0s caracter\u00edsticas espec\u00edficas das suas janelas, levando em considera\u00e7\u00e3o a est\u00e9tica e a funcionalidade do ambiente. Confie em nossa expertise para oferecer a melhor solu\u00e7\u00e3o de prote\u00e7\u00e3o para as janelas da sua resid\u00eancia.<\/p>\n<h4>Materiais De Qualidade<\/h4>\n<p>Na Solaris Rede de Prote\u00e7\u00e3o, utilizamos apenas materiais de alta qualidade em nossas <a href=\"https:\/\/www.solarisredes.com.br\/rede-protecao-para-janelas-em-porto-alegre\">redes de prote\u00e7\u00e3o<\/a>. Trabalhamos com redes Equiplex e Guardtec, conhecidas por sua resist\u00eancia e durabilidade. Nossos produtos s\u00e3o projetados para suportar as condi\u00e7\u00f5es clim\u00e1ticas e o desgaste di\u00e1rio, garantindo uma prote\u00e7\u00e3o confi\u00e1vel ao longo do tempo. Invista em uma rede de prote\u00e7\u00e3o de qualidade para suas janelas e tenha a tranquilidade que voc\u00ea merece.<\/p>\n<h4>Estilo E Discri\u00e7\u00e3o<\/h4>\n<p>Sabemos que a est\u00e9tica \u00e9 importante para voc\u00ea. Por isso, nossas redes de prote\u00e7\u00e3o para janelas em Porto Alegre s\u00e3o discretas e projetadas para se integrarem harmoniosamente ao design da sua resid\u00eancia. Com uma variedade de op\u00e7\u00f5es de cores e tamanhos de malhas, voc\u00ea pode escolher a rede que melhor se adapta ao estilo das suas janelas, mantendo a est\u00e9tica do ambiente sem comprometer a seguran\u00e7a.<\/p>\n<h4>Atendimento Personalizado<\/h4>\n<p>Nosso compromisso com o atendimento ao cliente \u00e9 incompar\u00e1vel. Na Solaris Rede de Prote\u00e7\u00e3o, entendemos que cada cliente \u00e9 \u00fanico, com necessidades espec\u00edficas. Por isso, oferecemos um atendimento personalizado, ouvindo suas demandas e oferecendo solu\u00e7\u00f5es adaptadas \u00e0s suas necessidades. Nossa equipe est\u00e1 pronta para responder a todas as suas perguntas, orient\u00e1-lo e fornecer um servi\u00e7o de excel\u00eancia.<\/p>\n<p>Ao escolher a Solaris Rede de Prote\u00e7\u00e3o, voc\u00ea est\u00e1 optando pela seguran\u00e7a e tranquilidade para o seu lar em Porto Alegre. Nossas redes de prote\u00e7\u00e3o para janelas oferecem uma solu\u00e7\u00e3o confi\u00e1vel, combinando resist\u00eancia, durabilidade e estilo. Com nossa equipe especializada e comprometida, garantimos uma instala\u00e7\u00e3o precisa e segura, adaptada \u00e0s suas necessidades. N\u00e3o comprometa a seguran\u00e7a da sua fam\u00edlia. Entre em contato conosco hoje mesmo e descubra como podemos proteger suas janelas com efici\u00eancia e estilo. Sua seguran\u00e7a \u00e9 a nossa prioridade!<\/p>\n","protected":false},"excerpt":{"rendered":"<p>Rede De Prote\u00e7\u00e3o Para Janelas Em Porto Alegre &#8211; Seguran\u00e7a E Tranquilidade Para O Seu Lar! Se voc\u00ea est\u00e1 em busca de uma solu\u00e7\u00e3o confi\u00e1vel e eficiente para proteger as janelas da sua resid\u00eancia em Porto Alegre, n\u00e3o procure mais! A Solaris Rede de Prote\u00e7\u00e3o \u00e9 a escolha perfeita para garantir a seguran\u00e7a da sua [&hellip;]<\/p>\n","protected":false},"author":3,"featured_media":2199,"comment_status":"open","ping_status":"open","sticky":false,"template":"","format":"standard","meta":{"footnotes":""},"categories":[1],"tags":[],"class_list":["post-2198","post","type-post","status-publish","format-standard","has-post-thumbnail","hentry","category-uncategorized"],"yoast_head":"<!-- This site is optimized with the Yoast SEO plugin v27.4 - https:\/\/yoast.com\/product\/yoast-seo-wordpress\/ -->\n<title>Rede De Prote\u00e7\u00e3o Para Janelas Em Porto Alegre - Maquina de Propaganda<\/title>\n<meta name=\"robots\" content=\"index, follow, max-snippet:-1, max-image-preview:large, max-video-preview:-1\" \/>\n<link rel=\"canonical\" href=\"https:\/\/www.maquinadepropaganda.com.br\/blog\/rede-de-protecao-para-janelas-em-porto-alegre\/\" \/>\n<meta property=\"og:locale\" content=\"pt_BR\" \/>\n<meta property=\"og:type\" content=\"article\" \/>\n<meta property=\"og:title\" content=\"Rede De Prote\u00e7\u00e3o Para Janelas Em Porto Alegre - Maquina de Propaganda\" \/>\n<meta property=\"og:description\" content=\"Rede De Prote\u00e7\u00e3o Para Janelas Em Porto Alegre &#8211; Seguran\u00e7a E Tranquilidade Para O Seu Lar! Se voc\u00ea est\u00e1 em busca de uma solu\u00e7\u00e3o confi\u00e1vel e eficiente para proteger as janelas da sua resid\u00eancia em Porto Alegre, n\u00e3o procure mais! A Solaris Rede de Prote\u00e7\u00e3o \u00e9 a escolha perfeita para garantir a seguran\u00e7a da sua [&hellip;]\" \/>\n<meta property=\"og:url\" content=\"https:\/\/www.maquinadepropaganda.com.br\/blog\/rede-de-protecao-para-janelas-em-porto-alegre\/\" \/>\n<meta property=\"og:site_name\" content=\"Maquina de Propaganda\" \/>\n<meta property=\"article:published_time\" content=\"2023-10-18T18:22:40+00:00\" \/>\n<meta property=\"og:image\" content=\"https:\/\/www.maquinadepropaganda.com.br\/blog\/wp-content\/uploads\/2023\/10\/rede-protecao-para-janelas-em-porto-alegre.jpg\" \/>\n\t<meta property=\"og:image:width\" content=\"400\" \/>\n\t<meta property=\"og:image:height\" content=\"300\" \/>\n\t<meta property=\"og:image:type\" content=\"image\/jpeg\" \/>\n<meta name=\"author\" content=\"Ed\" \/>\n<meta name=\"twitter:card\" content=\"summary_large_image\" \/>\n<meta name=\"twitter:label1\" content=\"Escrito por\" \/>\n\t<meta name=\"twitter:data1\" content=\"Ed\" \/>\n\t<meta name=\"twitter:label2\" content=\"Est. tempo de leitura\" \/>\n\t<meta name=\"twitter:data2\" content=\"3 minutos\" \/>\n<script type=\"application\/ld+json\" class=\"yoast-schema-graph\">{\"@context\":\"https:\\\/\\\/schema.org\",\"@graph\":[{\"@type\":\"Article\",\"@id\":\"https:\\\/\\\/www.maquinadepropaganda.com.br\\\/blog\\\/rede-de-protecao-para-janelas-em-porto-alegre\\\/#article\",\"isPartOf\":{\"@id\":\"https:\\\/\\\/www.maquinadepropaganda.com.br\\\/blog\\\/rede-de-protecao-para-janelas-em-porto-alegre\\\/\"},\"author\":{\"name\":\"Ed\",\"@id\":\"https:\\\/\\\/www.maquinadepropaganda.com.br\\\/blog\\\/#\\\/schema\\\/person\\\/7a91ae6e223107d4cb18f331ff25874a\"},\"headline\":\"Rede De Prote\u00e7\u00e3o Para Janelas Em Porto Alegre\",\"datePublished\":\"2023-10-18T18:22:40+00:00\",\"mainEntityOfPage\":{\"@id\":\"https:\\\/\\\/www.maquinadepropaganda.com.br\\\/blog\\\/rede-de-protecao-para-janelas-em-porto-alegre\\\/\"},\"wordCount\":602,\"commentCount\":0,\"publisher\":{\"@id\":\"https:\\\/\\\/www.maquinadepropaganda.com.br\\\/blog\\\/#organization\"},\"image\":{\"@id\":\"https:\\\/\\\/www.maquinadepropaganda.com.br\\\/blog\\\/rede-de-protecao-para-janelas-em-porto-alegre\\\/#primaryimage\"},\"thumbnailUrl\":\"https:\\\/\\\/www.maquinadepropaganda.com.br\\\/blog\\\/wp-content\\\/uploads\\\/2023\\\/10\\\/rede-protecao-para-janelas-em-porto-alegre.jpg\",\"articleSection\":[\"Uncategorized\"],\"inLanguage\":\"pt-BR\",\"potentialAction\":[{\"@type\":\"CommentAction\",\"name\":\"Comment\",\"target\":[\"https:\\\/\\\/www.maquinadepropaganda.com.br\\\/blog\\\/rede-de-protecao-para-janelas-em-porto-alegre\\\/#respond\"]}]},{\"@type\":\"WebPage\",\"@id\":\"https:\\\/\\\/www.maquinadepropaganda.com.br\\\/blog\\\/rede-de-protecao-para-janelas-em-porto-alegre\\\/\",\"url\":\"https:\\\/\\\/www.maquinadepropaganda.com.br\\\/blog\\\/rede-de-protecao-para-janelas-em-porto-alegre\\\/\",\"name\":\"Rede De Prote\u00e7\u00e3o Para Janelas Em Porto Alegre - Maquina de Propaganda\",\"isPartOf\":{\"@id\":\"https:\\\/\\\/www.maquinadepropaganda.com.br\\\/blog\\\/#website\"},\"primaryImageOfPage\":{\"@id\":\"https:\\\/\\\/www.maquinadepropaganda.com.br\\\/blog\\\/rede-de-protecao-para-janelas-em-porto-alegre\\\/#primaryimage\"},\"image\":{\"@id\":\"https:\\\/\\\/www.maquinadepropaganda.com.br\\\/blog\\\/rede-de-protecao-para-janelas-em-porto-alegre\\\/#primaryimage\"},\"thumbnailUrl\":\"https:\\\/\\\/www.maquinadepropaganda.com.br\\\/blog\\\/wp-content\\\/uploads\\\/2023\\\/10\\\/rede-protecao-para-janelas-em-porto-alegre.jpg\",\"datePublished\":\"2023-10-18T18:22:40+00:00\",\"breadcrumb\":{\"@id\":\"https:\\\/\\\/www.maquinadepropaganda.com.br\\\/blog\\\/rede-de-protecao-para-janelas-em-porto-alegre\\\/#breadcrumb\"},\"inLanguage\":\"pt-BR\",\"potentialAction\":[{\"@type\":\"ReadAction\",\"target\":[\"https:\\\/\\\/www.maquinadepropaganda.com.br\\\/blog\\\/rede-de-protecao-para-janelas-em-porto-alegre\\\/\"]}]},{\"@type\":\"ImageObject\",\"inLanguage\":\"pt-BR\",\"@id\":\"https:\\\/\\\/www.maquinadepropaganda.com.br\\\/blog\\\/rede-de-protecao-para-janelas-em-porto-alegre\\\/#primaryimage\",\"url\":\"https:\\\/\\\/www.maquinadepropaganda.com.br\\\/blog\\\/wp-content\\\/uploads\\\/2023\\\/10\\\/rede-protecao-para-janelas-em-porto-alegre.jpg\",\"contentUrl\":\"https:\\\/\\\/www.maquinadepropaganda.com.br\\\/blog\\\/wp-content\\\/uploads\\\/2023\\\/10\\\/rede-protecao-para-janelas-em-porto-alegre.jpg\",\"width\":400,\"height\":300,\"caption\":\"Rede De Prote\u00e7\u00e3o Para Janelas Em Porto Alegre\"},{\"@type\":\"BreadcrumbList\",\"@id\":\"https:\\\/\\\/www.maquinadepropaganda.com.br\\\/blog\\\/rede-de-protecao-para-janelas-em-porto-alegre\\\/#breadcrumb\",\"itemListElement\":[{\"@type\":\"ListItem\",\"position\":1,\"name\":\"In\u00edcio\",\"item\":\"https:\\\/\\\/www.maquinadepropaganda.com.br\\\/blog\\\/\"},{\"@type\":\"ListItem\",\"position\":2,\"name\":\"Rede De Prote\u00e7\u00e3o Para Janelas Em Porto Alegre\"}]},{\"@type\":\"WebSite\",\"@id\":\"https:\\\/\\\/www.maquinadepropaganda.com.br\\\/blog\\\/#website\",\"url\":\"https:\\\/\\\/www.maquinadepropaganda.com.br\\\/blog\\\/\",\"name\":\"Maquina de Propaganda\",\"description\":\"Marketing Digital\",\"publisher\":{\"@id\":\"https:\\\/\\\/www.maquinadepropaganda.com.br\\\/blog\\\/#organization\"},\"potentialAction\":[{\"@type\":\"SearchAction\",\"target\":{\"@type\":\"EntryPoint\",\"urlTemplate\":\"https:\\\/\\\/www.maquinadepropaganda.com.br\\\/blog\\\/?s={search_term_string}\"},\"query-input\":{\"@type\":\"PropertyValueSpecification\",\"valueRequired\":true,\"valueName\":\"search_term_string\"}}],\"inLanguage\":\"pt-BR\"},{\"@type\":\"Organization\",\"@id\":\"https:\\\/\\\/www.maquinadepropaganda.com.br\\\/blog\\\/#organization\",\"name\":\"Maquina de Propaganda\",\"url\":\"https:\\\/\\\/www.maquinadepropaganda.com.br\\\/blog\\\/\",\"logo\":{\"@type\":\"ImageObject\",\"inLanguage\":\"pt-BR\",\"@id\":\"https:\\\/\\\/www.maquinadepropaganda.com.br\\\/blog\\\/#\\\/schema\\\/logo\\\/image\\\/\",\"url\":\"https:\\\/\\\/www.maquinadepropaganda.com.br\\\/blog\\\/wp-content\\\/uploads\\\/2021\\\/09\\\/cropped-logo.png\",\"contentUrl\":\"https:\\\/\\\/www.maquinadepropaganda.com.br\\\/blog\\\/wp-content\\\/uploads\\\/2021\\\/09\\\/cropped-logo.png\",\"width\":240,\"height\":49,\"caption\":\"Maquina de Propaganda\"},\"image\":{\"@id\":\"https:\\\/\\\/www.maquinadepropaganda.com.br\\\/blog\\\/#\\\/schema\\\/logo\\\/image\\\/\"}},{\"@type\":\"Person\",\"@id\":\"https:\\\/\\\/www.maquinadepropaganda.com.br\\\/blog\\\/#\\\/schema\\\/person\\\/7a91ae6e223107d4cb18f331ff25874a\",\"name\":\"Ed\",\"image\":{\"@type\":\"ImageObject\",\"inLanguage\":\"pt-BR\",\"@id\":\"https:\\\/\\\/www.maquinadepropaganda.com.br\\\/blog\\\/wp-content\\\/litespeed\\\/avatar\\\/01140ea6522996de5f86dd88a9656af2.jpg?ver=1777672538\",\"url\":\"https:\\\/\\\/www.maquinadepropaganda.com.br\\\/blog\\\/wp-content\\\/litespeed\\\/avatar\\\/01140ea6522996de5f86dd88a9656af2.jpg?ver=1777672538\",\"contentUrl\":\"https:\\\/\\\/www.maquinadepropaganda.com.br\\\/blog\\\/wp-content\\\/litespeed\\\/avatar\\\/01140ea6522996de5f86dd88a9656af2.jpg?ver=1777672538\",\"caption\":\"Ed\"},\"url\":\"https:\\\/\\\/www.maquinadepropaganda.com.br\\\/blog\\\/author\\\/devjuninho\\\/\"}]}<\/script>\n<!-- \/ Yoast SEO plugin. -->","yoast_head_json":{"title":"Rede De Prote\u00e7\u00e3o Para Janelas Em Porto Alegre - Maquina de Propaganda","robots":{"index":"index","follow":"follow","max-snippet":"max-snippet:-1","max-image-preview":"max-image-preview:large","max-video-preview":"max-video-preview:-1"},"canonical":"https:\/\/www.maquinadepropaganda.com.br\/blog\/rede-de-protecao-para-janelas-em-porto-alegre\/","og_locale":"pt_BR","og_type":"article","og_title":"Rede De Prote\u00e7\u00e3o Para Janelas Em Porto Alegre - Maquina de Propaganda","og_description":"Rede De Prote\u00e7\u00e3o Para Janelas Em Porto Alegre &#8211; Seguran\u00e7a E Tranquilidade Para O Seu Lar! Se voc\u00ea est\u00e1 em busca de uma solu\u00e7\u00e3o confi\u00e1vel e eficiente para proteger as janelas da sua resid\u00eancia em Porto Alegre, n\u00e3o procure mais! A Solaris Rede de Prote\u00e7\u00e3o \u00e9 a escolha perfeita para garantir a seguran\u00e7a da sua [&hellip;]","og_url":"https:\/\/www.maquinadepropaganda.com.br\/blog\/rede-de-protecao-para-janelas-em-porto-alegre\/","og_site_name":"Maquina de Propaganda","article_published_time":"2023-10-18T18:22:40+00:00","og_image":[{"width":400,"height":300,"url":"https:\/\/www.maquinadepropaganda.com.br\/blog\/wp-content\/uploads\/2023\/10\/rede-protecao-para-janelas-em-porto-alegre.jpg","type":"image\/jpeg"}],"author":"Ed","twitter_card":"summary_large_image","twitter_misc":{"Escrito por":"Ed","Est. tempo de leitura":"3 minutos"},"schema":{"@context":"https:\/\/schema.org","@graph":[{"@type":"Article","@id":"https:\/\/www.maquinadepropaganda.com.br\/blog\/rede-de-protecao-para-janelas-em-porto-alegre\/#article","isPartOf":{"@id":"https:\/\/www.maquinadepropaganda.com.br\/blog\/rede-de-protecao-para-janelas-em-porto-alegre\/"},"author":{"name":"Ed","@id":"https:\/\/www.maquinadepropaganda.com.br\/blog\/#\/schema\/person\/7a91ae6e223107d4cb18f331ff25874a"},"headline":"Rede De Prote\u00e7\u00e3o Para Janelas Em Porto Alegre","datePublished":"2023-10-18T18:22:40+00:00","mainEntityOfPage":{"@id":"https:\/\/www.maquinadepropaganda.com.br\/blog\/rede-de-protecao-para-janelas-em-porto-alegre\/"},"wordCount":602,"commentCount":0,"publisher":{"@id":"https:\/\/www.maquinadepropaganda.com.br\/blog\/#organization"},"image":{"@id":"https:\/\/www.maquinadepropaganda.com.br\/blog\/rede-de-protecao-para-janelas-em-porto-alegre\/#primaryimage"},"thumbnailUrl":"https:\/\/www.maquinadepropaganda.com.br\/blog\/wp-content\/uploads\/2023\/10\/rede-protecao-para-janelas-em-porto-alegre.jpg","articleSection":["Uncategorized"],"inLanguage":"pt-BR","potentialAction":[{"@type":"CommentAction","name":"Comment","target":["https:\/\/www.maquinadepropaganda.com.br\/blog\/rede-de-protecao-para-janelas-em-porto-alegre\/#respond"]}]},{"@type":"WebPage","@id":"https:\/\/www.maquinadepropaganda.com.br\/blog\/rede-de-protecao-para-janelas-em-porto-alegre\/","url":"https:\/\/www.maquinadepropaganda.com.br\/blog\/rede-de-protecao-para-janelas-em-porto-alegre\/","name":"Rede De Prote\u00e7\u00e3o Para Janelas Em Porto Alegre - Maquina de Propaganda","isPartOf":{"@id":"https:\/\/www.maquinadepropaganda.com.br\/blog\/#website"},"primaryImageOfPage":{"@id":"https:\/\/www.maquinadepropaganda.com.br\/blog\/rede-de-protecao-para-janelas-em-porto-alegre\/#primaryimage"},"image":{"@id":"https:\/\/www.maquinadepropaganda.com.br\/blog\/rede-de-protecao-para-janelas-em-porto-alegre\/#primaryimage"},"thumbnailUrl":"https:\/\/www.maquinadepropaganda.com.br\/blog\/wp-content\/uploads\/2023\/10\/rede-protecao-para-janelas-em-porto-alegre.jpg","datePublished":"2023-10-18T18:22:40+00:00","breadcrumb":{"@id":"https:\/\/www.maquinadepropaganda.com.br\/blog\/rede-de-protecao-para-janelas-em-porto-alegre\/#breadcrumb"},"inLanguage":"pt-BR","potentialAction":[{"@type":"ReadAction","target":["https:\/\/www.maquinadepropaganda.com.br\/blog\/rede-de-protecao-para-janelas-em-porto-alegre\/"]}]},{"@type":"ImageObject","inLanguage":"pt-BR","@id":"https:\/\/www.maquinadepropaganda.com.br\/blog\/rede-de-protecao-para-janelas-em-porto-alegre\/#primaryimage","url":"https:\/\/www.maquinadepropaganda.com.br\/blog\/wp-content\/uploads\/2023\/10\/rede-protecao-para-janelas-em-porto-alegre.jpg","contentUrl":"https:\/\/www.maquinadepropaganda.com.br\/blog\/wp-content\/uploads\/2023\/10\/rede-protecao-para-janelas-em-porto-alegre.jpg","width":400,"height":300,"caption":"Rede De Prote\u00e7\u00e3o Para Janelas Em Porto Alegre"},{"@type":"BreadcrumbList","@id":"https:\/\/www.maquinadepropaganda.com.br\/blog\/rede-de-protecao-para-janelas-em-porto-alegre\/#breadcrumb","itemListElement":[{"@type":"ListItem","position":1,"name":"In\u00edcio","item":"https:\/\/www.maquinadepropaganda.com.br\/blog\/"},{"@type":"ListItem","position":2,"name":"Rede De Prote\u00e7\u00e3o Para Janelas Em Porto Alegre"}]},{"@type":"WebSite","@id":"https:\/\/www.maquinadepropaganda.com.br\/blog\/#website","url":"https:\/\/www.maquinadepropaganda.com.br\/blog\/","name":"Maquina de Propaganda","description":"Marketing Digital","publisher":{"@id":"https:\/\/www.maquinadepropaganda.com.br\/blog\/#organization"},"potentialAction":[{"@type":"SearchAction","target":{"@type":"EntryPoint","urlTemplate":"https:\/\/www.maquinadepropaganda.com.br\/blog\/?s={search_term_string}"},"query-input":{"@type":"PropertyValueSpecification","valueRequired":true,"valueName":"search_term_string"}}],"inLanguage":"pt-BR"},{"@type":"Organization","@id":"https:\/\/www.maquinadepropaganda.com.br\/blog\/#organization","name":"Maquina de Propaganda","url":"https:\/\/www.maquinadepropaganda.com.br\/blog\/","logo":{"@type":"ImageObject","inLanguage":"pt-BR","@id":"https:\/\/www.maquinadepropaganda.com.br\/blog\/#\/schema\/logo\/image\/","url":"https:\/\/www.maquinadepropaganda.com.br\/blog\/wp-content\/uploads\/2021\/09\/cropped-logo.png","contentUrl":"https:\/\/www.maquinadepropaganda.com.br\/blog\/wp-content\/uploads\/2021\/09\/cropped-logo.png","width":240,"height":49,"caption":"Maquina de Propaganda"},"image":{"@id":"https:\/\/www.maquinadepropaganda.com.br\/blog\/#\/schema\/logo\/image\/"}},{"@type":"Person","@id":"https:\/\/www.maquinadepropaganda.com.br\/blog\/#\/schema\/person\/7a91ae6e223107d4cb18f331ff25874a","name":"Ed","image":{"@type":"ImageObject","inLanguage":"pt-BR","@id":"https:\/\/www.maquinadepropaganda.com.br\/blog\/wp-content\/litespeed\/avatar\/01140ea6522996de5f86dd88a9656af2.jpg?ver=1777672538","url":"https:\/\/www.maquinadepropaganda.com.br\/blog\/wp-content\/litespeed\/avatar\/01140ea6522996de5f86dd88a9656af2.jpg?ver=1777672538","contentUrl":"https:\/\/www.maquinadepropaganda.com.br\/blog\/wp-content\/litespeed\/avatar\/01140ea6522996de5f86dd88a9656af2.jpg?ver=1777672538","caption":"Ed"},"url":"https:\/\/www.maquinadepropaganda.com.br\/blog\/author\/devjuninho\/"}]}},"_links":{"self":[{"href":"https:\/\/www.maquinadepropaganda.com.br\/blog\/wp-json\/wp\/v2\/posts\/2198","targetHints":{"allow":["GET"]}}],"collection":[{"href":"https:\/\/www.maquinadepropaganda.com.br\/blog\/wp-json\/wp\/v2\/posts"}],"about":[{"href":"https:\/\/www.maquinadepropaganda.com.br\/blog\/wp-json\/wp\/v2\/types\/post"}],"author":[{"embeddable":true,"href":"https:\/\/www.maquinadepropaganda.com.br\/blog\/wp-json\/wp\/v2\/users\/3"}],"replies":[{"embeddable":true,"href":"https:\/\/www.maquinadepropaganda.com.br\/blog\/wp-json\/wp\/v2\/comments?post=2198"}],"version-history":[{"count":1,"href":"https:\/\/www.maquinadepropaganda.com.br\/blog\/wp-json\/wp\/v2\/posts\/2198\/revisions"}],"predecessor-version":[{"id":2200,"href":"https:\/\/www.maquinadepropaganda.com.br\/blog\/wp-json\/wp\/v2\/posts\/2198\/revisions\/2200"}],"wp:featuredmedia":[{"embeddable":true,"href":"https:\/\/www.maquinadepropaganda.com.br\/blog\/wp-json\/wp\/v2\/media\/2199"}],"wp:attachment":[{"href":"https:\/\/www.maquinadepropaganda.com.br\/blog\/wp-json\/wp\/v2\/media?parent=2198"}],"wp:term":[{"taxonomy":"category","embeddable":true,"href":"https:\/\/www.maquinadepropaganda.com.br\/blog\/wp-json\/wp\/v2\/categories?post=2198"},{"taxonomy":"post_tag","embeddable":true,"href":"https:\/\/www.maquinadepropaganda.com.br\/blog\/wp-json\/wp\/v2\/tags?post=2198"}],"curies":[{"name":"wp","href":"https:\/\/api.w.org\/{rel}","templated":true}]}}