{"id":416,"date":"2021-02-16T19:38:52","date_gmt":"2021-02-16T19:38:52","guid":{"rendered":"https:\/\/maquinadepropaganda.com.br\/blog\/?p=416"},"modified":"2021-02-16T19:38:56","modified_gmt":"2021-02-16T19:38:56","slug":"tratamento-termico-para-molas-vibramol","status":"publish","type":"post","link":"https:\/\/www.maquinadepropaganda.com.br\/blog\/tratamento-termico-para-molas-vibramol\/","title":{"rendered":"Tratamento T\u00e9rmico para Molas &#8211; Vibramol"},"content":{"rendered":"\n<p>Se voc\u00ea est\u00e1 procurando por\u00a0<a href=\"https:\/\/vibramol.com.br\/tratamento-termico-para-molas.php\"><strong>Tratamento T\u00e9rmico para Molas<\/strong><\/a>, venha para Vibramol. H\u00e1 23 anos atuando no segmento, contamos com\u00a0<a href=\"https:\/\/vibramol.com.br\/tratamento-termico-para-molas.php\"><strong>Tratamento T\u00e9rmico para Molas<\/strong><\/a>\u00a0completo e de acordo com cada material. Sendo assim, para um servi\u00e7o 100% eficaz, n\u00e3o hesite em nos contatar.<\/p>\n\n\n\n<p>O\u00a0<a href=\"https:\/\/vibramol.com.br\/tratamento-termico-para-molas.php\"><strong>Tratamento T\u00e9rmico para Molas<\/strong><\/a>\u00a0que a Vibramol oferece \u00e9 de confian\u00e7a e garante o aumento da vida \u00fatil de seu produto, de modo que ele n\u00e3o sofra fadiga. Vale ressaltar que todas nossas molas s\u00e3o submetidas a ensaios f\u00edsicos, dureza, compress\u00e3o e ensaio mec\u00e2nico (carga). Tamb\u00e9m realizamos:<\/p>\n\n\n\n<h2 class=\"wp-block-heading\">Tratamento T\u00e9rmico para Molas<\/h2>\n\n\n\n<ul class=\"wp-block-list\"><li>Galvanoplastia em geral;<\/li><li>Pintura Sint\u00e9tica;<\/li><li>Pintura Alum\u00ednio 400\u00b0;<\/li><li>\u00d3leo Antioxidante.<\/li><\/ul>\n\n\n\n<p>Al\u00e9m disso, o trabalho da Vibramol \u00e9 entregue com relat\u00f3rio de libera\u00e7\u00e3o, inspe\u00e7\u00e3o final, certificado de mat\u00e9ria-prima e mec\u00e2nico. Portanto, se voc\u00ea est\u00e1 em busca de\u00a0<a href=\"https:\/\/vibramol.com.br\/tratamento-termico-para-molas.php\"><strong>Tratamento T\u00e9rmico para Molas<\/strong><\/a>, n\u00e3o deixe de conferir as op\u00e7\u00f5es que disponibilizamos a voc\u00ea.<\/p>\n\n\n\n<p>Com vasta experi\u00eancia no mercado e o aux\u00edlio de profissionais altamente competentes, nos destacamos n\u00e3o s\u00f3 pelo\u00a0<a href=\"https:\/\/vibramol.com.br\/tratamento-termico-para-molas.php\"><strong>Tratamento T\u00e9rmico para Molas<\/strong><\/a>, mas tamb\u00e9m pela pol\u00edtica de qualidade com a qual atuamos, prezando em fornecer mercadorias que atendem os requisitos espec\u00edficos de cada cliente e proporcionar o m\u00e1ximo de satisfa\u00e7\u00e3o.<\/p>\n\n\n\n<p>\u00c9 importante frisar que a Vibramol est\u00e1 sempre preocupada em melhorar nossos processos de organiza\u00e7\u00e3o. Dessa forma, estamos sempre investindo em tecnologia a fim de garantir um\u00a0<a href=\"https:\/\/vibramol.com.br\/tratamento-termico-para-molas.php\"><strong>Tratamento T\u00e9rmico para Molas<\/strong><\/a>\u00a0de acordo com suas expectativas.<\/p>\n\n\n\n<p>A ampla infraestrutura e o ambiente totalmente estruturado da Vibramol nos permite colocar \u00e0 sua disposi\u00e7\u00e3o\u00a0<a href=\"https:\/\/vibramol.com.br\/tratamento-termico-para-molas.php\"><strong>Tratamento T\u00e9rmico para Molas<\/strong><\/a>\u00a0com agilidade e efici\u00eancia com a qualidade que voc\u00ea merece nos tornando assim um diferencial em meio \u00e0 concorr\u00eancia uma vez que oferecemos um atendimento \u00fanico e personalizado.<\/p>\n\n\n\n<p>Est\u00e1 esperando o que? Para maiores informa\u00e7\u00f5es e esclarecimentos sobre nosso\u00a0<a href=\"https:\/\/vibramol.com.br\/tratamento-termico-para-molas.php\"><strong>Tratamento T\u00e9rmico para Molas<\/strong><\/a>, entre em contato conosco e fa\u00e7a uma cota\u00e7\u00e3o.<\/p>\n","protected":false},"excerpt":{"rendered":"<p>Se voc\u00ea est\u00e1 procurando por\u00a0Tratamento T\u00e9rmico para Molas, venha para Vibramol. H\u00e1 23 anos atuando no segmento, contamos com\u00a0Tratamento T\u00e9rmico para Molas\u00a0completo e de acordo com cada material. Sendo assim, para um servi\u00e7o 100% eficaz, n\u00e3o hesite em nos contatar. O\u00a0Tratamento T\u00e9rmico para Molas\u00a0que a Vibramol oferece \u00e9 de confian\u00e7a e garante o aumento da [&hellip;]<\/p>\n","protected":false},"author":1,"featured_media":417,"comment_status":"open","ping_status":"open","sticky":false,"template":"","format":"standard","meta":{"footnotes":""},"categories":[6],"tags":[102],"class_list":["post-416","post","type-post","status-publish","format-standard","has-post-thumbnail","hentry","category-blog","tag-tratamento-termico-para-molas"],"yoast_head":"<!-- This site is optimized with the Yoast SEO plugin v27.4 - https:\/\/yoast.com\/product\/yoast-seo-wordpress\/ -->\n<title>Tratamento T\u00e9rmico para Molas - Vibramol - Maquina de Propaganda<\/title>\n<meta name=\"robots\" content=\"index, follow, max-snippet:-1, max-image-preview:large, max-video-preview:-1\" \/>\n<link rel=\"canonical\" href=\"https:\/\/www.maquinadepropaganda.com.br\/blog\/tratamento-termico-para-molas-vibramol\/\" \/>\n<meta property=\"og:locale\" content=\"pt_BR\" \/>\n<meta property=\"og:type\" content=\"article\" \/>\n<meta property=\"og:title\" content=\"Tratamento T\u00e9rmico para Molas - Vibramol - Maquina de Propaganda\" \/>\n<meta property=\"og:description\" content=\"Se voc\u00ea est\u00e1 procurando por\u00a0Tratamento T\u00e9rmico para Molas, venha para Vibramol. H\u00e1 23 anos atuando no segmento, contamos com\u00a0Tratamento T\u00e9rmico para Molas\u00a0completo e de acordo com cada material. Sendo assim, para um servi\u00e7o 100% eficaz, n\u00e3o hesite em nos contatar. O\u00a0Tratamento T\u00e9rmico para Molas\u00a0que a Vibramol oferece \u00e9 de confian\u00e7a e garante o aumento da [&hellip;]\" \/>\n<meta property=\"og:url\" content=\"https:\/\/www.maquinadepropaganda.com.br\/blog\/tratamento-termico-para-molas-vibramol\/\" \/>\n<meta property=\"og:site_name\" content=\"Maquina de Propaganda\" \/>\n<meta property=\"article:published_time\" content=\"2021-02-16T19:38:52+00:00\" \/>\n<meta property=\"article:modified_time\" content=\"2021-02-16T19:38:56+00:00\" \/>\n<meta property=\"og:image\" content=\"https:\/\/www.maquinadepropaganda.com.br\/blog\/wp-content\/uploads\/2021\/02\/vibramol-4.jpg\" \/>\n\t<meta property=\"og:image:width\" content=\"600\" \/>\n\t<meta property=\"og:image:height\" content=\"500\" \/>\n\t<meta property=\"og:image:type\" content=\"image\/jpeg\" \/>\n<meta name=\"author\" content=\"admin\" \/>\n<meta name=\"twitter:card\" content=\"summary_large_image\" \/>\n<meta name=\"twitter:label1\" content=\"Escrito por\" \/>\n\t<meta name=\"twitter:data1\" content=\"admin\" \/>\n\t<meta name=\"twitter:label2\" content=\"Est. tempo de leitura\" \/>\n\t<meta name=\"twitter:data2\" content=\"2 minutos\" \/>\n<script type=\"application\/ld+json\" class=\"yoast-schema-graph\">{\"@context\":\"https:\\\/\\\/schema.org\",\"@graph\":[{\"@type\":\"Article\",\"@id\":\"https:\\\/\\\/www.maquinadepropaganda.com.br\\\/blog\\\/tratamento-termico-para-molas-vibramol\\\/#article\",\"isPartOf\":{\"@id\":\"https:\\\/\\\/www.maquinadepropaganda.com.br\\\/blog\\\/tratamento-termico-para-molas-vibramol\\\/\"},\"author\":{\"name\":\"admin\",\"@id\":\"https:\\\/\\\/www.maquinadepropaganda.com.br\\\/blog\\\/#\\\/schema\\\/person\\\/50b25b06af5d877ed4f46dc8f4f055b8\"},\"headline\":\"Tratamento T\u00e9rmico para Molas &#8211; Vibramol\",\"datePublished\":\"2021-02-16T19:38:52+00:00\",\"dateModified\":\"2021-02-16T19:38:56+00:00\",\"mainEntityOfPage\":{\"@id\":\"https:\\\/\\\/www.maquinadepropaganda.com.br\\\/blog\\\/tratamento-termico-para-molas-vibramol\\\/\"},\"wordCount\":343,\"commentCount\":0,\"publisher\":{\"@id\":\"https:\\\/\\\/www.maquinadepropaganda.com.br\\\/blog\\\/#organization\"},\"image\":{\"@id\":\"https:\\\/\\\/www.maquinadepropaganda.com.br\\\/blog\\\/tratamento-termico-para-molas-vibramol\\\/#primaryimage\"},\"thumbnailUrl\":\"https:\\\/\\\/www.maquinadepropaganda.com.br\\\/blog\\\/wp-content\\\/uploads\\\/2021\\\/02\\\/vibramol-4.jpg\",\"keywords\":[\"Tratamento T\u00e9rmico para Molas\"],\"articleSection\":[\"Blog\"],\"inLanguage\":\"pt-BR\",\"potentialAction\":[{\"@type\":\"CommentAction\",\"name\":\"Comment\",\"target\":[\"https:\\\/\\\/www.maquinadepropaganda.com.br\\\/blog\\\/tratamento-termico-para-molas-vibramol\\\/#respond\"]}]},{\"@type\":\"WebPage\",\"@id\":\"https:\\\/\\\/www.maquinadepropaganda.com.br\\\/blog\\\/tratamento-termico-para-molas-vibramol\\\/\",\"url\":\"https:\\\/\\\/www.maquinadepropaganda.com.br\\\/blog\\\/tratamento-termico-para-molas-vibramol\\\/\",\"name\":\"Tratamento T\u00e9rmico para Molas - Vibramol - Maquina de Propaganda\",\"isPartOf\":{\"@id\":\"https:\\\/\\\/www.maquinadepropaganda.com.br\\\/blog\\\/#website\"},\"primaryImageOfPage\":{\"@id\":\"https:\\\/\\\/www.maquinadepropaganda.com.br\\\/blog\\\/tratamento-termico-para-molas-vibramol\\\/#primaryimage\"},\"image\":{\"@id\":\"https:\\\/\\\/www.maquinadepropaganda.com.br\\\/blog\\\/tratamento-termico-para-molas-vibramol\\\/#primaryimage\"},\"thumbnailUrl\":\"https:\\\/\\\/www.maquinadepropaganda.com.br\\\/blog\\\/wp-content\\\/uploads\\\/2021\\\/02\\\/vibramol-4.jpg\",\"datePublished\":\"2021-02-16T19:38:52+00:00\",\"dateModified\":\"2021-02-16T19:38:56+00:00\",\"breadcrumb\":{\"@id\":\"https:\\\/\\\/www.maquinadepropaganda.com.br\\\/blog\\\/tratamento-termico-para-molas-vibramol\\\/#breadcrumb\"},\"inLanguage\":\"pt-BR\",\"potentialAction\":[{\"@type\":\"ReadAction\",\"target\":[\"https:\\\/\\\/www.maquinadepropaganda.com.br\\\/blog\\\/tratamento-termico-para-molas-vibramol\\\/\"]}]},{\"@type\":\"ImageObject\",\"inLanguage\":\"pt-BR\",\"@id\":\"https:\\\/\\\/www.maquinadepropaganda.com.br\\\/blog\\\/tratamento-termico-para-molas-vibramol\\\/#primaryimage\",\"url\":\"https:\\\/\\\/www.maquinadepropaganda.com.br\\\/blog\\\/wp-content\\\/uploads\\\/2021\\\/02\\\/vibramol-4.jpg\",\"contentUrl\":\"https:\\\/\\\/www.maquinadepropaganda.com.br\\\/blog\\\/wp-content\\\/uploads\\\/2021\\\/02\\\/vibramol-4.jpg\",\"width\":600,\"height\":500},{\"@type\":\"BreadcrumbList\",\"@id\":\"https:\\\/\\\/www.maquinadepropaganda.com.br\\\/blog\\\/tratamento-termico-para-molas-vibramol\\\/#breadcrumb\",\"itemListElement\":[{\"@type\":\"ListItem\",\"position\":1,\"name\":\"In\u00edcio\",\"item\":\"https:\\\/\\\/www.maquinadepropaganda.com.br\\\/blog\\\/\"},{\"@type\":\"ListItem\",\"position\":2,\"name\":\"Tratamento T\u00e9rmico para Molas &#8211; Vibramol\"}]},{\"@type\":\"WebSite\",\"@id\":\"https:\\\/\\\/www.maquinadepropaganda.com.br\\\/blog\\\/#website\",\"url\":\"https:\\\/\\\/www.maquinadepropaganda.com.br\\\/blog\\\/\",\"name\":\"Maquina de Propaganda\",\"description\":\"Marketing Digital\",\"publisher\":{\"@id\":\"https:\\\/\\\/www.maquinadepropaganda.com.br\\\/blog\\\/#organization\"},\"potentialAction\":[{\"@type\":\"SearchAction\",\"target\":{\"@type\":\"EntryPoint\",\"urlTemplate\":\"https:\\\/\\\/www.maquinadepropaganda.com.br\\\/blog\\\/?s={search_term_string}\"},\"query-input\":{\"@type\":\"PropertyValueSpecification\",\"valueRequired\":true,\"valueName\":\"search_term_string\"}}],\"inLanguage\":\"pt-BR\"},{\"@type\":\"Organization\",\"@id\":\"https:\\\/\\\/www.maquinadepropaganda.com.br\\\/blog\\\/#organization\",\"name\":\"Maquina de Propaganda\",\"url\":\"https:\\\/\\\/www.maquinadepropaganda.com.br\\\/blog\\\/\",\"logo\":{\"@type\":\"ImageObject\",\"inLanguage\":\"pt-BR\",\"@id\":\"https:\\\/\\\/www.maquinadepropaganda.com.br\\\/blog\\\/#\\\/schema\\\/logo\\\/image\\\/\",\"url\":\"https:\\\/\\\/www.maquinadepropaganda.com.br\\\/blog\\\/wp-content\\\/uploads\\\/2021\\\/09\\\/cropped-logo.png\",\"contentUrl\":\"https:\\\/\\\/www.maquinadepropaganda.com.br\\\/blog\\\/wp-content\\\/uploads\\\/2021\\\/09\\\/cropped-logo.png\",\"width\":240,\"height\":49,\"caption\":\"Maquina de Propaganda\"},\"image\":{\"@id\":\"https:\\\/\\\/www.maquinadepropaganda.com.br\\\/blog\\\/#\\\/schema\\\/logo\\\/image\\\/\"}},{\"@type\":\"Person\",\"@id\":\"https:\\\/\\\/www.maquinadepropaganda.com.br\\\/blog\\\/#\\\/schema\\\/person\\\/50b25b06af5d877ed4f46dc8f4f055b8\",\"name\":\"admin\",\"image\":{\"@type\":\"ImageObject\",\"inLanguage\":\"pt-BR\",\"@id\":\"https:\\\/\\\/www.maquinadepropaganda.com.br\\\/blog\\\/wp-content\\\/litespeed\\\/avatar\\\/4b824cf09742ea97423d0f7c2267bce7.jpg?ver=1777265065\",\"url\":\"https:\\\/\\\/www.maquinadepropaganda.com.br\\\/blog\\\/wp-content\\\/litespeed\\\/avatar\\\/4b824cf09742ea97423d0f7c2267bce7.jpg?ver=1777265065\",\"contentUrl\":\"https:\\\/\\\/www.maquinadepropaganda.com.br\\\/blog\\\/wp-content\\\/litespeed\\\/avatar\\\/4b824cf09742ea97423d0f7c2267bce7.jpg?ver=1777265065\",\"caption\":\"admin\"},\"sameAs\":[\"https:\\\/\\\/www.aparecernogoogle.com.br\\\/\"],\"url\":\"https:\\\/\\\/www.maquinadepropaganda.com.br\\\/blog\\\/author\\\/admin\\\/\"}]}<\/script>\n<!-- \/ Yoast SEO plugin. -->","yoast_head_json":{"title":"Tratamento T\u00e9rmico para Molas - Vibramol - Maquina de Propaganda","robots":{"index":"index","follow":"follow","max-snippet":"max-snippet:-1","max-image-preview":"max-image-preview:large","max-video-preview":"max-video-preview:-1"},"canonical":"https:\/\/www.maquinadepropaganda.com.br\/blog\/tratamento-termico-para-molas-vibramol\/","og_locale":"pt_BR","og_type":"article","og_title":"Tratamento T\u00e9rmico para Molas - Vibramol - Maquina de Propaganda","og_description":"Se voc\u00ea est\u00e1 procurando por\u00a0Tratamento T\u00e9rmico para Molas, venha para Vibramol. H\u00e1 23 anos atuando no segmento, contamos com\u00a0Tratamento T\u00e9rmico para Molas\u00a0completo e de acordo com cada material. Sendo assim, para um servi\u00e7o 100% eficaz, n\u00e3o hesite em nos contatar. O\u00a0Tratamento T\u00e9rmico para Molas\u00a0que a Vibramol oferece \u00e9 de confian\u00e7a e garante o aumento da [&hellip;]","og_url":"https:\/\/www.maquinadepropaganda.com.br\/blog\/tratamento-termico-para-molas-vibramol\/","og_site_name":"Maquina de Propaganda","article_published_time":"2021-02-16T19:38:52+00:00","article_modified_time":"2021-02-16T19:38:56+00:00","og_image":[{"width":600,"height":500,"url":"https:\/\/www.maquinadepropaganda.com.br\/blog\/wp-content\/uploads\/2021\/02\/vibramol-4.jpg","type":"image\/jpeg"}],"author":"admin","twitter_card":"summary_large_image","twitter_misc":{"Escrito por":"admin","Est. tempo de leitura":"2 minutos"},"schema":{"@context":"https:\/\/schema.org","@graph":[{"@type":"Article","@id":"https:\/\/www.maquinadepropaganda.com.br\/blog\/tratamento-termico-para-molas-vibramol\/#article","isPartOf":{"@id":"https:\/\/www.maquinadepropaganda.com.br\/blog\/tratamento-termico-para-molas-vibramol\/"},"author":{"name":"admin","@id":"https:\/\/www.maquinadepropaganda.com.br\/blog\/#\/schema\/person\/50b25b06af5d877ed4f46dc8f4f055b8"},"headline":"Tratamento T\u00e9rmico para Molas &#8211; Vibramol","datePublished":"2021-02-16T19:38:52+00:00","dateModified":"2021-02-16T19:38:56+00:00","mainEntityOfPage":{"@id":"https:\/\/www.maquinadepropaganda.com.br\/blog\/tratamento-termico-para-molas-vibramol\/"},"wordCount":343,"commentCount":0,"publisher":{"@id":"https:\/\/www.maquinadepropaganda.com.br\/blog\/#organization"},"image":{"@id":"https:\/\/www.maquinadepropaganda.com.br\/blog\/tratamento-termico-para-molas-vibramol\/#primaryimage"},"thumbnailUrl":"https:\/\/www.maquinadepropaganda.com.br\/blog\/wp-content\/uploads\/2021\/02\/vibramol-4.jpg","keywords":["Tratamento T\u00e9rmico para Molas"],"articleSection":["Blog"],"inLanguage":"pt-BR","potentialAction":[{"@type":"CommentAction","name":"Comment","target":["https:\/\/www.maquinadepropaganda.com.br\/blog\/tratamento-termico-para-molas-vibramol\/#respond"]}]},{"@type":"WebPage","@id":"https:\/\/www.maquinadepropaganda.com.br\/blog\/tratamento-termico-para-molas-vibramol\/","url":"https:\/\/www.maquinadepropaganda.com.br\/blog\/tratamento-termico-para-molas-vibramol\/","name":"Tratamento T\u00e9rmico para Molas - Vibramol - Maquina de Propaganda","isPartOf":{"@id":"https:\/\/www.maquinadepropaganda.com.br\/blog\/#website"},"primaryImageOfPage":{"@id":"https:\/\/www.maquinadepropaganda.com.br\/blog\/tratamento-termico-para-molas-vibramol\/#primaryimage"},"image":{"@id":"https:\/\/www.maquinadepropaganda.com.br\/blog\/tratamento-termico-para-molas-vibramol\/#primaryimage"},"thumbnailUrl":"https:\/\/www.maquinadepropaganda.com.br\/blog\/wp-content\/uploads\/2021\/02\/vibramol-4.jpg","datePublished":"2021-02-16T19:38:52+00:00","dateModified":"2021-02-16T19:38:56+00:00","breadcrumb":{"@id":"https:\/\/www.maquinadepropaganda.com.br\/blog\/tratamento-termico-para-molas-vibramol\/#breadcrumb"},"inLanguage":"pt-BR","potentialAction":[{"@type":"ReadAction","target":["https:\/\/www.maquinadepropaganda.com.br\/blog\/tratamento-termico-para-molas-vibramol\/"]}]},{"@type":"ImageObject","inLanguage":"pt-BR","@id":"https:\/\/www.maquinadepropaganda.com.br\/blog\/tratamento-termico-para-molas-vibramol\/#primaryimage","url":"https:\/\/www.maquinadepropaganda.com.br\/blog\/wp-content\/uploads\/2021\/02\/vibramol-4.jpg","contentUrl":"https:\/\/www.maquinadepropaganda.com.br\/blog\/wp-content\/uploads\/2021\/02\/vibramol-4.jpg","width":600,"height":500},{"@type":"BreadcrumbList","@id":"https:\/\/www.maquinadepropaganda.com.br\/blog\/tratamento-termico-para-molas-vibramol\/#breadcrumb","itemListElement":[{"@type":"ListItem","position":1,"name":"In\u00edcio","item":"https:\/\/www.maquinadepropaganda.com.br\/blog\/"},{"@type":"ListItem","position":2,"name":"Tratamento T\u00e9rmico para Molas &#8211; Vibramol"}]},{"@type":"WebSite","@id":"https:\/\/www.maquinadepropaganda.com.br\/blog\/#website","url":"https:\/\/www.maquinadepropaganda.com.br\/blog\/","name":"Maquina de Propaganda","description":"Marketing Digital","publisher":{"@id":"https:\/\/www.maquinadepropaganda.com.br\/blog\/#organization"},"potentialAction":[{"@type":"SearchAction","target":{"@type":"EntryPoint","urlTemplate":"https:\/\/www.maquinadepropaganda.com.br\/blog\/?s={search_term_string}"},"query-input":{"@type":"PropertyValueSpecification","valueRequired":true,"valueName":"search_term_string"}}],"inLanguage":"pt-BR"},{"@type":"Organization","@id":"https:\/\/www.maquinadepropaganda.com.br\/blog\/#organization","name":"Maquina de Propaganda","url":"https:\/\/www.maquinadepropaganda.com.br\/blog\/","logo":{"@type":"ImageObject","inLanguage":"pt-BR","@id":"https:\/\/www.maquinadepropaganda.com.br\/blog\/#\/schema\/logo\/image\/","url":"https:\/\/www.maquinadepropaganda.com.br\/blog\/wp-content\/uploads\/2021\/09\/cropped-logo.png","contentUrl":"https:\/\/www.maquinadepropaganda.com.br\/blog\/wp-content\/uploads\/2021\/09\/cropped-logo.png","width":240,"height":49,"caption":"Maquina de Propaganda"},"image":{"@id":"https:\/\/www.maquinadepropaganda.com.br\/blog\/#\/schema\/logo\/image\/"}},{"@type":"Person","@id":"https:\/\/www.maquinadepropaganda.com.br\/blog\/#\/schema\/person\/50b25b06af5d877ed4f46dc8f4f055b8","name":"admin","image":{"@type":"ImageObject","inLanguage":"pt-BR","@id":"https:\/\/www.maquinadepropaganda.com.br\/blog\/wp-content\/litespeed\/avatar\/4b824cf09742ea97423d0f7c2267bce7.jpg?ver=1777265065","url":"https:\/\/www.maquinadepropaganda.com.br\/blog\/wp-content\/litespeed\/avatar\/4b824cf09742ea97423d0f7c2267bce7.jpg?ver=1777265065","contentUrl":"https:\/\/www.maquinadepropaganda.com.br\/blog\/wp-content\/litespeed\/avatar\/4b824cf09742ea97423d0f7c2267bce7.jpg?ver=1777265065","caption":"admin"},"sameAs":["https:\/\/www.aparecernogoogle.com.br\/"],"url":"https:\/\/www.maquinadepropaganda.com.br\/blog\/author\/admin\/"}]}},"_links":{"self":[{"href":"https:\/\/www.maquinadepropaganda.com.br\/blog\/wp-json\/wp\/v2\/posts\/416","targetHints":{"allow":["GET"]}}],"collection":[{"href":"https:\/\/www.maquinadepropaganda.com.br\/blog\/wp-json\/wp\/v2\/posts"}],"about":[{"href":"https:\/\/www.maquinadepropaganda.com.br\/blog\/wp-json\/wp\/v2\/types\/post"}],"author":[{"embeddable":true,"href":"https:\/\/www.maquinadepropaganda.com.br\/blog\/wp-json\/wp\/v2\/users\/1"}],"replies":[{"embeddable":true,"href":"https:\/\/www.maquinadepropaganda.com.br\/blog\/wp-json\/wp\/v2\/comments?post=416"}],"version-history":[{"count":1,"href":"https:\/\/www.maquinadepropaganda.com.br\/blog\/wp-json\/wp\/v2\/posts\/416\/revisions"}],"predecessor-version":[{"id":418,"href":"https:\/\/www.maquinadepropaganda.com.br\/blog\/wp-json\/wp\/v2\/posts\/416\/revisions\/418"}],"wp:featuredmedia":[{"embeddable":true,"href":"https:\/\/www.maquinadepropaganda.com.br\/blog\/wp-json\/wp\/v2\/media\/417"}],"wp:attachment":[{"href":"https:\/\/www.maquinadepropaganda.com.br\/blog\/wp-json\/wp\/v2\/media?parent=416"}],"wp:term":[{"taxonomy":"category","embeddable":true,"href":"https:\/\/www.maquinadepropaganda.com.br\/blog\/wp-json\/wp\/v2\/categories?post=416"},{"taxonomy":"post_tag","embeddable":true,"href":"https:\/\/www.maquinadepropaganda.com.br\/blog\/wp-json\/wp\/v2\/tags?post=416"}],"curies":[{"name":"wp","href":"https:\/\/api.w.org\/{rel}","templated":true}]}}