{"id":479,"date":"2021-03-11T20:08:16","date_gmt":"2021-03-11T20:08:16","guid":{"rendered":"https:\/\/maquinadepropaganda.com.br\/blog\/?p=479"},"modified":"2021-03-11T20:08:20","modified_gmt":"2021-03-11T20:08:20","slug":"instalacao-de-ar-em-sao-paulo-instil-service","status":"publish","type":"post","link":"https:\/\/www.maquinadepropaganda.com.br\/blog\/instalacao-de-ar-em-sao-paulo-instil-service\/","title":{"rendered":"Instala\u00e7\u00e3o de Ar em S\u00e3o Paulo &#8211; Instil Service"},"content":{"rendered":"\n<p>A mais completa\u00a0<a href=\"https:\/\/instilservice.com.br\/instalacao-de-ar-em-sao-paulo.php\"><strong>Instala\u00e7\u00e3o de Ar em S\u00e3o Paulo<\/strong><\/a>\u00a0est\u00e1 na Instil Service. Somos uma das mais renomadas empresas do mercado, trabalhando diariamente com dedica\u00e7\u00e3o e profissionalismo h\u00e1 quase uma d\u00e9cada. Portanto, n\u00e3o hesite, escolha nossa\u00a0<a href=\"https:\/\/instilservice.com.br\/instalacao-de-ar-em-sao-paulo.php\"><strong>Instala\u00e7\u00e3o de Ar em S\u00e3o Paulo<\/strong><\/a>\u00a0e tenha a certeza que far\u00e1 a escolha certa.<\/p>\n\n\n\n<p>Nossa\u00a0<a href=\"https:\/\/instilservice.com.br\/instalacao-de-ar-em-sao-paulo.php\"><strong>Instala\u00e7\u00e3o de Ar em S\u00e3o Paulo<\/strong><\/a>\u00a0\u00e9 feita atrav\u00e9s de m\u00e9todos modernos e eficientes, de modo a atender por completo todas as necessidades e demandas dos clientes. Utilizamos todo o know how e experi\u00eancia na \u00e1rea em prol dos clientes, colocando-nos, ent\u00e3o, como a empresa mais preparada para realizar a\u00a0<a href=\"https:\/\/instilservice.com.br\/instalacao-de-ar-em-sao-paulo.php\"><strong>Instala\u00e7\u00e3o de Ar em S\u00e3o Paulo<\/strong><\/a>.<\/p>\n\n\n\n<p>Possu\u00edmos uma estrutura ampla e moderna, que nos d\u00e1 todas as condi\u00e7\u00f5es de oferecer um servi\u00e7o de\u00a0<a href=\"https:\/\/instilservice.com.br\/instalacao-de-ar-em-sao-paulo.php\"><strong>Instala\u00e7\u00e3o de Ar em S\u00e3o Paulo<\/strong><\/a>\u00a0com alta qualidade, que corresponder\u00e1 \u00e0s suas expectativas. Nossa equipe, composta por profissionais especializados, garantir\u00e1 que sua experi\u00eancia ao contratar nossa\u00a0<a href=\"https:\/\/instilservice.com.br\/instalacao-de-ar-em-sao-paulo.php\"><strong>Instala\u00e7\u00e3o de Ar em S\u00e3o Paulo<\/strong><\/a>\u00a0seja a mais satisfat\u00f3ria e agrad\u00e1vel poss\u00edvel.<\/p>\n\n\n\n<p>Al\u00e9m de oferecermos a\u00a0<a href=\"https:\/\/instilservice.com.br\/instalacao-de-ar-em-sao-paulo.php\"><strong>Instala\u00e7\u00e3o de Ar em S\u00e3o Paulo<\/strong><\/a>, contamos com muitos outros servi\u00e7os ao seu dispor, como por exemplo:<\/p>\n\n\n\n<ul class=\"wp-block-list\"><li>Montagem de infraestrutura;<\/li><li>Montagem de painel em geral;<\/li><li>Consultoria, projetos e laudos t\u00e9cnicos;<\/li><li>An\u00e1lise de grandezas el\u00e9tricas;<\/li><li>Inspe\u00e7\u00e3o em equipamentos el\u00e9tricos;<\/li><li>Estudo e elabora\u00e7\u00e3o de projetos.<\/li><\/ul>\n\n\n\n<p>Fa\u00e7a um or\u00e7amento conosco, prontamente responderemos todas as d\u00favidas que possam existir sobre nossa\u00a0<a href=\"https:\/\/instilservice.com.br\/instalacao-de-ar-em-sao-paulo.php\"><strong>Instala\u00e7\u00e3o de Ar em S\u00e3o Paulo<\/strong><\/a>.<\/p>\n\n\n\n<p>Entre em contato conosco, prontamente todas as d\u00favidas que possam existir sobre nossa\u00a0<a href=\"https:\/\/instilservice.com.br\/instalacao-de-ar-em-sao-paulo.php\"><strong>Instala\u00e7\u00e3o de Ar em S\u00e3o Paulo<\/strong><\/a>\u00a0ser\u00e3o respondidas por nossa equipe. Estaremos ao seu dispor para quaisquer eventualidades, afinal, aqui na Instil Service, os clientes s\u00e3o sempre tratados com todo o respeito e aten\u00e7\u00e3o que merecem.<\/p>\n\n\n\n<p>Sinta-se \u00e0 vontade, escolha nossa\u00a0<a href=\"https:\/\/instilservice.com.br\/instalacao-de-ar-em-sao-paulo.php\"><strong>Instala\u00e7\u00e3o de Ar em S\u00e3o Paulo<\/strong><\/a>\u00a0e garantimos que sua satisfa\u00e7\u00e3o ser\u00e1 plena. Aguardaremos ansiosamente pelo seu contato. Seja, ent\u00e3o, sempre muito bem-vindo \u00e0 Instil Service.<\/p>\n","protected":false},"excerpt":{"rendered":"<p>A mais completa\u00a0Instala\u00e7\u00e3o de Ar em S\u00e3o Paulo\u00a0est\u00e1 na Instil Service. Somos uma das mais renomadas empresas do mercado, trabalhando diariamente com dedica\u00e7\u00e3o e profissionalismo h\u00e1 quase uma d\u00e9cada. Portanto, n\u00e3o hesite, escolha nossa\u00a0Instala\u00e7\u00e3o de Ar em S\u00e3o Paulo\u00a0e tenha a certeza que far\u00e1 a escolha certa. Nossa\u00a0Instala\u00e7\u00e3o de Ar em S\u00e3o Paulo\u00a0\u00e9 feita atrav\u00e9s [&hellip;]<\/p>\n","protected":false},"author":1,"featured_media":480,"comment_status":"open","ping_status":"open","sticky":false,"template":"","format":"standard","meta":{"footnotes":""},"categories":[6],"tags":[123],"class_list":["post-479","post","type-post","status-publish","format-standard","has-post-thumbnail","hentry","category-blog","tag-instalacao-de-ar-em-sao-paulo"],"yoast_head":"<!-- This site is optimized with the Yoast SEO plugin v27.4 - https:\/\/yoast.com\/product\/yoast-seo-wordpress\/ -->\n<title>Instala\u00e7\u00e3o de Ar em S\u00e3o Paulo - Instil Service - Maquina de Propaganda<\/title>\n<meta name=\"robots\" content=\"index, follow, max-snippet:-1, max-image-preview:large, max-video-preview:-1\" \/>\n<link rel=\"canonical\" href=\"https:\/\/www.maquinadepropaganda.com.br\/blog\/instalacao-de-ar-em-sao-paulo-instil-service\/\" \/>\n<meta property=\"og:locale\" content=\"pt_BR\" \/>\n<meta property=\"og:type\" content=\"article\" \/>\n<meta property=\"og:title\" content=\"Instala\u00e7\u00e3o de Ar em S\u00e3o Paulo - Instil Service - Maquina de Propaganda\" \/>\n<meta property=\"og:description\" content=\"A mais completa\u00a0Instala\u00e7\u00e3o de Ar em S\u00e3o Paulo\u00a0est\u00e1 na Instil Service. Somos uma das mais renomadas empresas do mercado, trabalhando diariamente com dedica\u00e7\u00e3o e profissionalismo h\u00e1 quase uma d\u00e9cada. Portanto, n\u00e3o hesite, escolha nossa\u00a0Instala\u00e7\u00e3o de Ar em S\u00e3o Paulo\u00a0e tenha a certeza que far\u00e1 a escolha certa. Nossa\u00a0Instala\u00e7\u00e3o de Ar em S\u00e3o Paulo\u00a0\u00e9 feita atrav\u00e9s [&hellip;]\" \/>\n<meta property=\"og:url\" content=\"https:\/\/www.maquinadepropaganda.com.br\/blog\/instalacao-de-ar-em-sao-paulo-instil-service\/\" \/>\n<meta property=\"og:site_name\" content=\"Maquina de Propaganda\" \/>\n<meta property=\"article:published_time\" content=\"2021-03-11T20:08:16+00:00\" \/>\n<meta property=\"article:modified_time\" content=\"2021-03-11T20:08:20+00:00\" \/>\n<meta property=\"og:image\" content=\"https:\/\/www.maquinadepropaganda.com.br\/blog\/wp-content\/uploads\/2021\/03\/instilservice-2.jpg\" \/>\n\t<meta property=\"og:image:width\" content=\"400\" \/>\n\t<meta property=\"og:image:height\" content=\"225\" \/>\n\t<meta property=\"og:image:type\" content=\"image\/jpeg\" \/>\n<meta name=\"author\" content=\"admin\" \/>\n<meta name=\"twitter:card\" content=\"summary_large_image\" \/>\n<meta name=\"twitter:label1\" content=\"Escrito por\" \/>\n\t<meta name=\"twitter:data1\" content=\"admin\" \/>\n\t<meta name=\"twitter:label2\" content=\"Est. tempo de leitura\" \/>\n\t<meta name=\"twitter:data2\" content=\"2 minutos\" \/>\n<script type=\"application\/ld+json\" class=\"yoast-schema-graph\">{\"@context\":\"https:\\\/\\\/schema.org\",\"@graph\":[{\"@type\":\"Article\",\"@id\":\"https:\\\/\\\/www.maquinadepropaganda.com.br\\\/blog\\\/instalacao-de-ar-em-sao-paulo-instil-service\\\/#article\",\"isPartOf\":{\"@id\":\"https:\\\/\\\/www.maquinadepropaganda.com.br\\\/blog\\\/instalacao-de-ar-em-sao-paulo-instil-service\\\/\"},\"author\":{\"name\":\"admin\",\"@id\":\"https:\\\/\\\/www.maquinadepropaganda.com.br\\\/blog\\\/#\\\/schema\\\/person\\\/50b25b06af5d877ed4f46dc8f4f055b8\"},\"headline\":\"Instala\u00e7\u00e3o de Ar em S\u00e3o Paulo &#8211; Instil Service\",\"datePublished\":\"2021-03-11T20:08:16+00:00\",\"dateModified\":\"2021-03-11T20:08:20+00:00\",\"mainEntityOfPage\":{\"@id\":\"https:\\\/\\\/www.maquinadepropaganda.com.br\\\/blog\\\/instalacao-de-ar-em-sao-paulo-instil-service\\\/\"},\"wordCount\":371,\"commentCount\":0,\"publisher\":{\"@id\":\"https:\\\/\\\/www.maquinadepropaganda.com.br\\\/blog\\\/#organization\"},\"image\":{\"@id\":\"https:\\\/\\\/www.maquinadepropaganda.com.br\\\/blog\\\/instalacao-de-ar-em-sao-paulo-instil-service\\\/#primaryimage\"},\"thumbnailUrl\":\"https:\\\/\\\/www.maquinadepropaganda.com.br\\\/blog\\\/wp-content\\\/uploads\\\/2021\\\/03\\\/instilservice-2.jpg\",\"keywords\":[\"Instala\u00e7\u00e3o de Ar em S\u00e3o Paulo\"],\"articleSection\":[\"Blog\"],\"inLanguage\":\"pt-BR\",\"potentialAction\":[{\"@type\":\"CommentAction\",\"name\":\"Comment\",\"target\":[\"https:\\\/\\\/www.maquinadepropaganda.com.br\\\/blog\\\/instalacao-de-ar-em-sao-paulo-instil-service\\\/#respond\"]}]},{\"@type\":\"WebPage\",\"@id\":\"https:\\\/\\\/www.maquinadepropaganda.com.br\\\/blog\\\/instalacao-de-ar-em-sao-paulo-instil-service\\\/\",\"url\":\"https:\\\/\\\/www.maquinadepropaganda.com.br\\\/blog\\\/instalacao-de-ar-em-sao-paulo-instil-service\\\/\",\"name\":\"Instala\u00e7\u00e3o de Ar em S\u00e3o Paulo - Instil Service - Maquina de Propaganda\",\"isPartOf\":{\"@id\":\"https:\\\/\\\/www.maquinadepropaganda.com.br\\\/blog\\\/#website\"},\"primaryImageOfPage\":{\"@id\":\"https:\\\/\\\/www.maquinadepropaganda.com.br\\\/blog\\\/instalacao-de-ar-em-sao-paulo-instil-service\\\/#primaryimage\"},\"image\":{\"@id\":\"https:\\\/\\\/www.maquinadepropaganda.com.br\\\/blog\\\/instalacao-de-ar-em-sao-paulo-instil-service\\\/#primaryimage\"},\"thumbnailUrl\":\"https:\\\/\\\/www.maquinadepropaganda.com.br\\\/blog\\\/wp-content\\\/uploads\\\/2021\\\/03\\\/instilservice-2.jpg\",\"datePublished\":\"2021-03-11T20:08:16+00:00\",\"dateModified\":\"2021-03-11T20:08:20+00:00\",\"breadcrumb\":{\"@id\":\"https:\\\/\\\/www.maquinadepropaganda.com.br\\\/blog\\\/instalacao-de-ar-em-sao-paulo-instil-service\\\/#breadcrumb\"},\"inLanguage\":\"pt-BR\",\"potentialAction\":[{\"@type\":\"ReadAction\",\"target\":[\"https:\\\/\\\/www.maquinadepropaganda.com.br\\\/blog\\\/instalacao-de-ar-em-sao-paulo-instil-service\\\/\"]}]},{\"@type\":\"ImageObject\",\"inLanguage\":\"pt-BR\",\"@id\":\"https:\\\/\\\/www.maquinadepropaganda.com.br\\\/blog\\\/instalacao-de-ar-em-sao-paulo-instil-service\\\/#primaryimage\",\"url\":\"https:\\\/\\\/www.maquinadepropaganda.com.br\\\/blog\\\/wp-content\\\/uploads\\\/2021\\\/03\\\/instilservice-2.jpg\",\"contentUrl\":\"https:\\\/\\\/www.maquinadepropaganda.com.br\\\/blog\\\/wp-content\\\/uploads\\\/2021\\\/03\\\/instilservice-2.jpg\",\"width\":400,\"height\":225,\"caption\":\"Instala\u00e7\u00e3o de Ar em S\u00e3o Paulo\"},{\"@type\":\"BreadcrumbList\",\"@id\":\"https:\\\/\\\/www.maquinadepropaganda.com.br\\\/blog\\\/instalacao-de-ar-em-sao-paulo-instil-service\\\/#breadcrumb\",\"itemListElement\":[{\"@type\":\"ListItem\",\"position\":1,\"name\":\"In\u00edcio\",\"item\":\"https:\\\/\\\/www.maquinadepropaganda.com.br\\\/blog\\\/\"},{\"@type\":\"ListItem\",\"position\":2,\"name\":\"Instala\u00e7\u00e3o de Ar em S\u00e3o Paulo &#8211; Instil Service\"}]},{\"@type\":\"WebSite\",\"@id\":\"https:\\\/\\\/www.maquinadepropaganda.com.br\\\/blog\\\/#website\",\"url\":\"https:\\\/\\\/www.maquinadepropaganda.com.br\\\/blog\\\/\",\"name\":\"Maquina de Propaganda\",\"description\":\"Marketing Digital\",\"publisher\":{\"@id\":\"https:\\\/\\\/www.maquinadepropaganda.com.br\\\/blog\\\/#organization\"},\"potentialAction\":[{\"@type\":\"SearchAction\",\"target\":{\"@type\":\"EntryPoint\",\"urlTemplate\":\"https:\\\/\\\/www.maquinadepropaganda.com.br\\\/blog\\\/?s={search_term_string}\"},\"query-input\":{\"@type\":\"PropertyValueSpecification\",\"valueRequired\":true,\"valueName\":\"search_term_string\"}}],\"inLanguage\":\"pt-BR\"},{\"@type\":\"Organization\",\"@id\":\"https:\\\/\\\/www.maquinadepropaganda.com.br\\\/blog\\\/#organization\",\"name\":\"Maquina de Propaganda\",\"url\":\"https:\\\/\\\/www.maquinadepropaganda.com.br\\\/blog\\\/\",\"logo\":{\"@type\":\"ImageObject\",\"inLanguage\":\"pt-BR\",\"@id\":\"https:\\\/\\\/www.maquinadepropaganda.com.br\\\/blog\\\/#\\\/schema\\\/logo\\\/image\\\/\",\"url\":\"https:\\\/\\\/www.maquinadepropaganda.com.br\\\/blog\\\/wp-content\\\/uploads\\\/2021\\\/09\\\/cropped-logo.png\",\"contentUrl\":\"https:\\\/\\\/www.maquinadepropaganda.com.br\\\/blog\\\/wp-content\\\/uploads\\\/2021\\\/09\\\/cropped-logo.png\",\"width\":240,\"height\":49,\"caption\":\"Maquina de Propaganda\"},\"image\":{\"@id\":\"https:\\\/\\\/www.maquinadepropaganda.com.br\\\/blog\\\/#\\\/schema\\\/logo\\\/image\\\/\"}},{\"@type\":\"Person\",\"@id\":\"https:\\\/\\\/www.maquinadepropaganda.com.br\\\/blog\\\/#\\\/schema\\\/person\\\/50b25b06af5d877ed4f46dc8f4f055b8\",\"name\":\"admin\",\"image\":{\"@type\":\"ImageObject\",\"inLanguage\":\"pt-BR\",\"@id\":\"https:\\\/\\\/www.maquinadepropaganda.com.br\\\/blog\\\/wp-content\\\/litespeed\\\/avatar\\\/4b824cf09742ea97423d0f7c2267bce7.jpg?ver=1777265065\",\"url\":\"https:\\\/\\\/www.maquinadepropaganda.com.br\\\/blog\\\/wp-content\\\/litespeed\\\/avatar\\\/4b824cf09742ea97423d0f7c2267bce7.jpg?ver=1777265065\",\"contentUrl\":\"https:\\\/\\\/www.maquinadepropaganda.com.br\\\/blog\\\/wp-content\\\/litespeed\\\/avatar\\\/4b824cf09742ea97423d0f7c2267bce7.jpg?ver=1777265065\",\"caption\":\"admin\"},\"sameAs\":[\"https:\\\/\\\/www.aparecernogoogle.com.br\\\/\"],\"url\":\"https:\\\/\\\/www.maquinadepropaganda.com.br\\\/blog\\\/author\\\/admin\\\/\"}]}<\/script>\n<!-- \/ Yoast SEO plugin. -->","yoast_head_json":{"title":"Instala\u00e7\u00e3o de Ar em S\u00e3o Paulo - Instil Service - Maquina de Propaganda","robots":{"index":"index","follow":"follow","max-snippet":"max-snippet:-1","max-image-preview":"max-image-preview:large","max-video-preview":"max-video-preview:-1"},"canonical":"https:\/\/www.maquinadepropaganda.com.br\/blog\/instalacao-de-ar-em-sao-paulo-instil-service\/","og_locale":"pt_BR","og_type":"article","og_title":"Instala\u00e7\u00e3o de Ar em S\u00e3o Paulo - Instil Service - Maquina de Propaganda","og_description":"A mais completa\u00a0Instala\u00e7\u00e3o de Ar em S\u00e3o Paulo\u00a0est\u00e1 na Instil Service. Somos uma das mais renomadas empresas do mercado, trabalhando diariamente com dedica\u00e7\u00e3o e profissionalismo h\u00e1 quase uma d\u00e9cada. Portanto, n\u00e3o hesite, escolha nossa\u00a0Instala\u00e7\u00e3o de Ar em S\u00e3o Paulo\u00a0e tenha a certeza que far\u00e1 a escolha certa. Nossa\u00a0Instala\u00e7\u00e3o de Ar em S\u00e3o Paulo\u00a0\u00e9 feita atrav\u00e9s [&hellip;]","og_url":"https:\/\/www.maquinadepropaganda.com.br\/blog\/instalacao-de-ar-em-sao-paulo-instil-service\/","og_site_name":"Maquina de Propaganda","article_published_time":"2021-03-11T20:08:16+00:00","article_modified_time":"2021-03-11T20:08:20+00:00","og_image":[{"width":400,"height":225,"url":"https:\/\/www.maquinadepropaganda.com.br\/blog\/wp-content\/uploads\/2021\/03\/instilservice-2.jpg","type":"image\/jpeg"}],"author":"admin","twitter_card":"summary_large_image","twitter_misc":{"Escrito por":"admin","Est. tempo de leitura":"2 minutos"},"schema":{"@context":"https:\/\/schema.org","@graph":[{"@type":"Article","@id":"https:\/\/www.maquinadepropaganda.com.br\/blog\/instalacao-de-ar-em-sao-paulo-instil-service\/#article","isPartOf":{"@id":"https:\/\/www.maquinadepropaganda.com.br\/blog\/instalacao-de-ar-em-sao-paulo-instil-service\/"},"author":{"name":"admin","@id":"https:\/\/www.maquinadepropaganda.com.br\/blog\/#\/schema\/person\/50b25b06af5d877ed4f46dc8f4f055b8"},"headline":"Instala\u00e7\u00e3o de Ar em S\u00e3o Paulo &#8211; Instil Service","datePublished":"2021-03-11T20:08:16+00:00","dateModified":"2021-03-11T20:08:20+00:00","mainEntityOfPage":{"@id":"https:\/\/www.maquinadepropaganda.com.br\/blog\/instalacao-de-ar-em-sao-paulo-instil-service\/"},"wordCount":371,"commentCount":0,"publisher":{"@id":"https:\/\/www.maquinadepropaganda.com.br\/blog\/#organization"},"image":{"@id":"https:\/\/www.maquinadepropaganda.com.br\/blog\/instalacao-de-ar-em-sao-paulo-instil-service\/#primaryimage"},"thumbnailUrl":"https:\/\/www.maquinadepropaganda.com.br\/blog\/wp-content\/uploads\/2021\/03\/instilservice-2.jpg","keywords":["Instala\u00e7\u00e3o de Ar em S\u00e3o Paulo"],"articleSection":["Blog"],"inLanguage":"pt-BR","potentialAction":[{"@type":"CommentAction","name":"Comment","target":["https:\/\/www.maquinadepropaganda.com.br\/blog\/instalacao-de-ar-em-sao-paulo-instil-service\/#respond"]}]},{"@type":"WebPage","@id":"https:\/\/www.maquinadepropaganda.com.br\/blog\/instalacao-de-ar-em-sao-paulo-instil-service\/","url":"https:\/\/www.maquinadepropaganda.com.br\/blog\/instalacao-de-ar-em-sao-paulo-instil-service\/","name":"Instala\u00e7\u00e3o de Ar em S\u00e3o Paulo - Instil Service - Maquina de Propaganda","isPartOf":{"@id":"https:\/\/www.maquinadepropaganda.com.br\/blog\/#website"},"primaryImageOfPage":{"@id":"https:\/\/www.maquinadepropaganda.com.br\/blog\/instalacao-de-ar-em-sao-paulo-instil-service\/#primaryimage"},"image":{"@id":"https:\/\/www.maquinadepropaganda.com.br\/blog\/instalacao-de-ar-em-sao-paulo-instil-service\/#primaryimage"},"thumbnailUrl":"https:\/\/www.maquinadepropaganda.com.br\/blog\/wp-content\/uploads\/2021\/03\/instilservice-2.jpg","datePublished":"2021-03-11T20:08:16+00:00","dateModified":"2021-03-11T20:08:20+00:00","breadcrumb":{"@id":"https:\/\/www.maquinadepropaganda.com.br\/blog\/instalacao-de-ar-em-sao-paulo-instil-service\/#breadcrumb"},"inLanguage":"pt-BR","potentialAction":[{"@type":"ReadAction","target":["https:\/\/www.maquinadepropaganda.com.br\/blog\/instalacao-de-ar-em-sao-paulo-instil-service\/"]}]},{"@type":"ImageObject","inLanguage":"pt-BR","@id":"https:\/\/www.maquinadepropaganda.com.br\/blog\/instalacao-de-ar-em-sao-paulo-instil-service\/#primaryimage","url":"https:\/\/www.maquinadepropaganda.com.br\/blog\/wp-content\/uploads\/2021\/03\/instilservice-2.jpg","contentUrl":"https:\/\/www.maquinadepropaganda.com.br\/blog\/wp-content\/uploads\/2021\/03\/instilservice-2.jpg","width":400,"height":225,"caption":"Instala\u00e7\u00e3o de Ar em S\u00e3o Paulo"},{"@type":"BreadcrumbList","@id":"https:\/\/www.maquinadepropaganda.com.br\/blog\/instalacao-de-ar-em-sao-paulo-instil-service\/#breadcrumb","itemListElement":[{"@type":"ListItem","position":1,"name":"In\u00edcio","item":"https:\/\/www.maquinadepropaganda.com.br\/blog\/"},{"@type":"ListItem","position":2,"name":"Instala\u00e7\u00e3o de Ar em S\u00e3o Paulo &#8211; Instil Service"}]},{"@type":"WebSite","@id":"https:\/\/www.maquinadepropaganda.com.br\/blog\/#website","url":"https:\/\/www.maquinadepropaganda.com.br\/blog\/","name":"Maquina de Propaganda","description":"Marketing Digital","publisher":{"@id":"https:\/\/www.maquinadepropaganda.com.br\/blog\/#organization"},"potentialAction":[{"@type":"SearchAction","target":{"@type":"EntryPoint","urlTemplate":"https:\/\/www.maquinadepropaganda.com.br\/blog\/?s={search_term_string}"},"query-input":{"@type":"PropertyValueSpecification","valueRequired":true,"valueName":"search_term_string"}}],"inLanguage":"pt-BR"},{"@type":"Organization","@id":"https:\/\/www.maquinadepropaganda.com.br\/blog\/#organization","name":"Maquina de Propaganda","url":"https:\/\/www.maquinadepropaganda.com.br\/blog\/","logo":{"@type":"ImageObject","inLanguage":"pt-BR","@id":"https:\/\/www.maquinadepropaganda.com.br\/blog\/#\/schema\/logo\/image\/","url":"https:\/\/www.maquinadepropaganda.com.br\/blog\/wp-content\/uploads\/2021\/09\/cropped-logo.png","contentUrl":"https:\/\/www.maquinadepropaganda.com.br\/blog\/wp-content\/uploads\/2021\/09\/cropped-logo.png","width":240,"height":49,"caption":"Maquina de Propaganda"},"image":{"@id":"https:\/\/www.maquinadepropaganda.com.br\/blog\/#\/schema\/logo\/image\/"}},{"@type":"Person","@id":"https:\/\/www.maquinadepropaganda.com.br\/blog\/#\/schema\/person\/50b25b06af5d877ed4f46dc8f4f055b8","name":"admin","image":{"@type":"ImageObject","inLanguage":"pt-BR","@id":"https:\/\/www.maquinadepropaganda.com.br\/blog\/wp-content\/litespeed\/avatar\/4b824cf09742ea97423d0f7c2267bce7.jpg?ver=1777265065","url":"https:\/\/www.maquinadepropaganda.com.br\/blog\/wp-content\/litespeed\/avatar\/4b824cf09742ea97423d0f7c2267bce7.jpg?ver=1777265065","contentUrl":"https:\/\/www.maquinadepropaganda.com.br\/blog\/wp-content\/litespeed\/avatar\/4b824cf09742ea97423d0f7c2267bce7.jpg?ver=1777265065","caption":"admin"},"sameAs":["https:\/\/www.aparecernogoogle.com.br\/"],"url":"https:\/\/www.maquinadepropaganda.com.br\/blog\/author\/admin\/"}]}},"_links":{"self":[{"href":"https:\/\/www.maquinadepropaganda.com.br\/blog\/wp-json\/wp\/v2\/posts\/479","targetHints":{"allow":["GET"]}}],"collection":[{"href":"https:\/\/www.maquinadepropaganda.com.br\/blog\/wp-json\/wp\/v2\/posts"}],"about":[{"href":"https:\/\/www.maquinadepropaganda.com.br\/blog\/wp-json\/wp\/v2\/types\/post"}],"author":[{"embeddable":true,"href":"https:\/\/www.maquinadepropaganda.com.br\/blog\/wp-json\/wp\/v2\/users\/1"}],"replies":[{"embeddable":true,"href":"https:\/\/www.maquinadepropaganda.com.br\/blog\/wp-json\/wp\/v2\/comments?post=479"}],"version-history":[{"count":1,"href":"https:\/\/www.maquinadepropaganda.com.br\/blog\/wp-json\/wp\/v2\/posts\/479\/revisions"}],"predecessor-version":[{"id":481,"href":"https:\/\/www.maquinadepropaganda.com.br\/blog\/wp-json\/wp\/v2\/posts\/479\/revisions\/481"}],"wp:featuredmedia":[{"embeddable":true,"href":"https:\/\/www.maquinadepropaganda.com.br\/blog\/wp-json\/wp\/v2\/media\/480"}],"wp:attachment":[{"href":"https:\/\/www.maquinadepropaganda.com.br\/blog\/wp-json\/wp\/v2\/media?parent=479"}],"wp:term":[{"taxonomy":"category","embeddable":true,"href":"https:\/\/www.maquinadepropaganda.com.br\/blog\/wp-json\/wp\/v2\/categories?post=479"},{"taxonomy":"post_tag","embeddable":true,"href":"https:\/\/www.maquinadepropaganda.com.br\/blog\/wp-json\/wp\/v2\/tags?post=479"}],"curies":[{"name":"wp","href":"https:\/\/api.w.org\/{rel}","templated":true}]}}