{"id":506,"date":"2021-03-17T20:41:05","date_gmt":"2021-03-17T20:41:05","guid":{"rendered":"https:\/\/maquinadepropaganda.com.br\/blog\/?p=506"},"modified":"2021-03-17T20:41:09","modified_gmt":"2021-03-17T20:41:09","slug":"racks-metalicos-para-armazenagem-abg-sistemas","status":"publish","type":"post","link":"https:\/\/www.maquinadepropaganda.com.br\/blog\/racks-metalicos-para-armazenagem-abg-sistemas\/","title":{"rendered":"Racks Met\u00e1licos para Armazenagem &#8211; Abg Sistemas"},"content":{"rendered":"\n<p>Ainda n\u00e3o tem\u00a0<a href=\"https:\/\/www.abgsistemas.com.br\/racks-metalicos-para-armazenagem.php\"><strong>Racks Met\u00e1licos para Armazenagem<\/strong><\/a>? Venha conhecer os\u00a0<a href=\"https:\/\/www.abgsistemas.com.br\/racks-metalicos-para-armazenagem.php\"><strong>Racks Met\u00e1licos para Armazenagem<\/strong><\/a>\u00a0da Tedesco!<\/p>\n\n\n\n<p>Os\u00a0<a href=\"https:\/\/www.abgsistemas.com.br\/racks-metalicos-para-armazenagem.php\"><strong>Racks Met\u00e1licos para Armazenagem<\/strong><\/a>\u00a0s\u00e3o muito \u00fateis nas \u00e1reas industriais e centros de armazenagem. Utilizar\u00a0<a href=\"https:\/\/www.abgsistemas.com.br\/racks-metalicos-para-armazenagem.php\"><strong>Racks Met\u00e1licos para Armazenagem<\/strong><\/a>\u00a0ajudam a otimizar o espa\u00e7o pois poder ser empilhados, s\u00e3o retorn\u00e1veis, resistentes e utilizando melhor a capacidade por metro quadrado.<\/p>\n\n\n\n<p>A utiliza\u00e7\u00e3o dos\u00a0<a href=\"https:\/\/www.abgsistemas.com.br\/racks-metalicos-para-armazenagem.php\"><strong>Racks Met\u00e1licos para Armazenagem<\/strong><\/a>\u00a0\u00e9 ideal para quem precisa de mais espa\u00e7o de armazenagem, pois permitem a estocagem na vertical, ou seja, otimizam o espa\u00e7o e ainda ajudam na organiza\u00e7\u00e3o, pois com o uso de\u00a0<a href=\"https:\/\/www.abgsistemas.com.br\/racks-metalicos-para-armazenagem.php\"><strong>Racks Met\u00e1licos para Armazenagem<\/strong><\/a>\u00a0o empilhamento se torna mais organizado e f\u00e1cil de localizar, al\u00e9m de aumentar o controle do estoque.<\/p>\n\n\n\n<p>Os\u00a0<a href=\"https:\/\/www.abgsistemas.com.br\/racks-metalicos-para-armazenagem.php\"><strong>Racks Met\u00e1licos para Armazenagem<\/strong><\/a>\u00a0podem ter tamanhos e larguras personalizados para cada projeto, com o objetivo de se adequar ao espa\u00e7o e necessidade de cada armaz\u00e9m. Os\u00a0<a href=\"https:\/\/www.abgsistemas.com.br\/racks-metalicos-para-armazenagem.php\"><strong>Racks Met\u00e1licos para Armazenagem<\/strong><\/a>\u00a0s\u00e3o fabricados e seguem normas de seguran\u00e7a e regulamenta\u00e7\u00e3o da ABNT. Com processo de pintura de alta resist\u00eancia aumentando a sua durabilidade.<\/p>\n\n\n\n<p>Os\u00a0<a href=\"https:\/\/www.abgsistemas.com.br\/racks-metalicos-para-armazenagem.php\"><strong>Racks Met\u00e1licos para Armazenagem<\/strong><\/a>\u00a0podem ser do tipo r\u00edgido onde seus componentes s\u00e3o soldados e do tipo desmont\u00e1vel facilitando assim tanto o transporte como o acondicionamento dos mesmos quando vazios.<\/p>\n\n\n\n<p>Os&nbsp;<a href=\"https:\/\/www.abgsistemas.com.br\/racks-metalicos-para-armazenagem.php\"><strong>Racks met\u00e1licos para armazenagem<\/strong><\/a>&nbsp;da Tedesco contam com larga a experi\u00eancia de nossos projetistas al\u00e9m de materiais de primeira linha! Al\u00e9m de&nbsp;<a href=\"https:\/\/www.abgsistemas.com.br\/racks-metalicos-para-armazenagem.php\"><strong>Racks met\u00e1licos para armazenagem<\/strong><\/a>, fornecemos outras solu\u00e7\u00f5es de armazenamento e log\u00edstica, como:<\/p>\n\n\n\n<ul class=\"wp-block-list\"><li>Porta Paletes<\/li><li>Drive-in Din\u00e2mico<\/li><li>Drive-in Est\u00e1tico<\/li><li>Autoportante<\/li><li>Entre outros!<\/li><\/ul>\n\n\n\n<p>Contamos com uma equipe especializada em&nbsp;<a href=\"https:\/\/www.abgsistemas.com.br\/racks-metalicos-para-armazenagem.php\"><strong>Racks met\u00e1licos para armazenagem<\/strong><\/a>&nbsp;e muito mais, prontos para entregar para sua empresa o melhor em armazenagem e montagem. Converse com um de nossos consultores!<\/p>\n\n\n\n<p>Entre em contato agora mesmo com a&nbsp;<strong>ABG Sistemas<\/strong>&nbsp;para saber mais informa\u00e7\u00f5es referente a :&nbsp;<a href=\"https:\/\/www.abgsistemas.com.br\/abrigo-docas.php\">Abrigo de docas<\/a>&nbsp;<a href=\"https:\/\/www.abgsistemas.com.br\/autoportante.php\">Autoportante<\/a>&nbsp;<a href=\"https:\/\/www.abgsistemas.com.br\/cantilever.php\">Cantilever<\/a>&nbsp;<a href=\"https:\/\/www.abgsistemas.com.br\/carro-satelite.php\">Carro sat\u00e9lite<\/a>&nbsp;<a href=\"https:\/\/www.abgsistemas.com.br\/drive-in-estrutura.php\">Drive in estrutura<\/a><\/p>\n","protected":false},"excerpt":{"rendered":"<p>Ainda n\u00e3o tem\u00a0Racks Met\u00e1licos para Armazenagem? Venha conhecer os\u00a0Racks Met\u00e1licos para Armazenagem\u00a0da Tedesco! Os\u00a0Racks Met\u00e1licos para Armazenagem\u00a0s\u00e3o muito \u00fateis nas \u00e1reas industriais e centros de armazenagem. Utilizar\u00a0Racks Met\u00e1licos para Armazenagem\u00a0ajudam a otimizar o espa\u00e7o pois poder ser empilhados, s\u00e3o retorn\u00e1veis, resistentes e utilizando melhor a capacidade por metro quadrado. A utiliza\u00e7\u00e3o dos\u00a0Racks Met\u00e1licos para Armazenagem\u00a0\u00e9 [&hellip;]<\/p>\n","protected":false},"author":1,"featured_media":507,"comment_status":"open","ping_status":"open","sticky":false,"template":"","format":"standard","meta":{"footnotes":""},"categories":[6],"tags":[132],"class_list":["post-506","post","type-post","status-publish","format-standard","has-post-thumbnail","hentry","category-blog","tag-racks-metalicos-para-armazenagem"],"yoast_head":"<!-- This site is optimized with the Yoast SEO plugin v27.4 - https:\/\/yoast.com\/product\/yoast-seo-wordpress\/ -->\n<title>Racks Met\u00e1licos para Armazenagem - Abg Sistemas - Maquina de Propaganda<\/title>\n<meta name=\"robots\" content=\"index, follow, max-snippet:-1, max-image-preview:large, max-video-preview:-1\" \/>\n<link rel=\"canonical\" href=\"https:\/\/www.maquinadepropaganda.com.br\/blog\/racks-metalicos-para-armazenagem-abg-sistemas\/\" \/>\n<meta property=\"og:locale\" content=\"pt_BR\" \/>\n<meta property=\"og:type\" content=\"article\" \/>\n<meta property=\"og:title\" content=\"Racks Met\u00e1licos para Armazenagem - Abg Sistemas - Maquina de Propaganda\" \/>\n<meta property=\"og:description\" content=\"Ainda n\u00e3o tem\u00a0Racks Met\u00e1licos para Armazenagem? Venha conhecer os\u00a0Racks Met\u00e1licos para Armazenagem\u00a0da Tedesco! Os\u00a0Racks Met\u00e1licos para Armazenagem\u00a0s\u00e3o muito \u00fateis nas \u00e1reas industriais e centros de armazenagem. Utilizar\u00a0Racks Met\u00e1licos para Armazenagem\u00a0ajudam a otimizar o espa\u00e7o pois poder ser empilhados, s\u00e3o retorn\u00e1veis, resistentes e utilizando melhor a capacidade por metro quadrado. A utiliza\u00e7\u00e3o dos\u00a0Racks Met\u00e1licos para Armazenagem\u00a0\u00e9 [&hellip;]\" \/>\n<meta property=\"og:url\" content=\"https:\/\/www.maquinadepropaganda.com.br\/blog\/racks-metalicos-para-armazenagem-abg-sistemas\/\" \/>\n<meta property=\"og:site_name\" content=\"Maquina de Propaganda\" \/>\n<meta property=\"article:published_time\" content=\"2021-03-17T20:41:05+00:00\" \/>\n<meta property=\"article:modified_time\" content=\"2021-03-17T20:41:09+00:00\" \/>\n<meta property=\"og:image\" content=\"https:\/\/www.maquinadepropaganda.com.br\/blog\/wp-content\/uploads\/2021\/03\/abgsistemas-6.jpg\" \/>\n\t<meta property=\"og:image:width\" content=\"500\" \/>\n\t<meta property=\"og:image:height\" content=\"307\" \/>\n\t<meta property=\"og:image:type\" content=\"image\/jpeg\" \/>\n<meta name=\"author\" content=\"admin\" \/>\n<meta name=\"twitter:card\" content=\"summary_large_image\" \/>\n<meta name=\"twitter:label1\" content=\"Escrito por\" \/>\n\t<meta name=\"twitter:data1\" content=\"admin\" \/>\n\t<meta name=\"twitter:label2\" content=\"Est. tempo de leitura\" \/>\n\t<meta name=\"twitter:data2\" content=\"2 minutos\" \/>\n<script type=\"application\/ld+json\" class=\"yoast-schema-graph\">{\"@context\":\"https:\\\/\\\/schema.org\",\"@graph\":[{\"@type\":\"Article\",\"@id\":\"https:\\\/\\\/www.maquinadepropaganda.com.br\\\/blog\\\/racks-metalicos-para-armazenagem-abg-sistemas\\\/#article\",\"isPartOf\":{\"@id\":\"https:\\\/\\\/www.maquinadepropaganda.com.br\\\/blog\\\/racks-metalicos-para-armazenagem-abg-sistemas\\\/\"},\"author\":{\"name\":\"admin\",\"@id\":\"https:\\\/\\\/www.maquinadepropaganda.com.br\\\/blog\\\/#\\\/schema\\\/person\\\/50b25b06af5d877ed4f46dc8f4f055b8\"},\"headline\":\"Racks Met\u00e1licos para Armazenagem &#8211; Abg Sistemas\",\"datePublished\":\"2021-03-17T20:41:05+00:00\",\"dateModified\":\"2021-03-17T20:41:09+00:00\",\"mainEntityOfPage\":{\"@id\":\"https:\\\/\\\/www.maquinadepropaganda.com.br\\\/blog\\\/racks-metalicos-para-armazenagem-abg-sistemas\\\/\"},\"wordCount\":360,\"commentCount\":0,\"publisher\":{\"@id\":\"https:\\\/\\\/www.maquinadepropaganda.com.br\\\/blog\\\/#organization\"},\"image\":{\"@id\":\"https:\\\/\\\/www.maquinadepropaganda.com.br\\\/blog\\\/racks-metalicos-para-armazenagem-abg-sistemas\\\/#primaryimage\"},\"thumbnailUrl\":\"https:\\\/\\\/www.maquinadepropaganda.com.br\\\/blog\\\/wp-content\\\/uploads\\\/2021\\\/03\\\/abgsistemas-6.jpg\",\"keywords\":[\"Racks Met\u00e1licos para Armazenagem\"],\"articleSection\":[\"Blog\"],\"inLanguage\":\"pt-BR\",\"potentialAction\":[{\"@type\":\"CommentAction\",\"name\":\"Comment\",\"target\":[\"https:\\\/\\\/www.maquinadepropaganda.com.br\\\/blog\\\/racks-metalicos-para-armazenagem-abg-sistemas\\\/#respond\"]}]},{\"@type\":\"WebPage\",\"@id\":\"https:\\\/\\\/www.maquinadepropaganda.com.br\\\/blog\\\/racks-metalicos-para-armazenagem-abg-sistemas\\\/\",\"url\":\"https:\\\/\\\/www.maquinadepropaganda.com.br\\\/blog\\\/racks-metalicos-para-armazenagem-abg-sistemas\\\/\",\"name\":\"Racks Met\u00e1licos para Armazenagem - Abg Sistemas - Maquina de Propaganda\",\"isPartOf\":{\"@id\":\"https:\\\/\\\/www.maquinadepropaganda.com.br\\\/blog\\\/#website\"},\"primaryImageOfPage\":{\"@id\":\"https:\\\/\\\/www.maquinadepropaganda.com.br\\\/blog\\\/racks-metalicos-para-armazenagem-abg-sistemas\\\/#primaryimage\"},\"image\":{\"@id\":\"https:\\\/\\\/www.maquinadepropaganda.com.br\\\/blog\\\/racks-metalicos-para-armazenagem-abg-sistemas\\\/#primaryimage\"},\"thumbnailUrl\":\"https:\\\/\\\/www.maquinadepropaganda.com.br\\\/blog\\\/wp-content\\\/uploads\\\/2021\\\/03\\\/abgsistemas-6.jpg\",\"datePublished\":\"2021-03-17T20:41:05+00:00\",\"dateModified\":\"2021-03-17T20:41:09+00:00\",\"breadcrumb\":{\"@id\":\"https:\\\/\\\/www.maquinadepropaganda.com.br\\\/blog\\\/racks-metalicos-para-armazenagem-abg-sistemas\\\/#breadcrumb\"},\"inLanguage\":\"pt-BR\",\"potentialAction\":[{\"@type\":\"ReadAction\",\"target\":[\"https:\\\/\\\/www.maquinadepropaganda.com.br\\\/blog\\\/racks-metalicos-para-armazenagem-abg-sistemas\\\/\"]}]},{\"@type\":\"ImageObject\",\"inLanguage\":\"pt-BR\",\"@id\":\"https:\\\/\\\/www.maquinadepropaganda.com.br\\\/blog\\\/racks-metalicos-para-armazenagem-abg-sistemas\\\/#primaryimage\",\"url\":\"https:\\\/\\\/www.maquinadepropaganda.com.br\\\/blog\\\/wp-content\\\/uploads\\\/2021\\\/03\\\/abgsistemas-6.jpg\",\"contentUrl\":\"https:\\\/\\\/www.maquinadepropaganda.com.br\\\/blog\\\/wp-content\\\/uploads\\\/2021\\\/03\\\/abgsistemas-6.jpg\",\"width\":500,\"height\":307,\"caption\":\"Racks met\u00e1licos para armazenagem\"},{\"@type\":\"BreadcrumbList\",\"@id\":\"https:\\\/\\\/www.maquinadepropaganda.com.br\\\/blog\\\/racks-metalicos-para-armazenagem-abg-sistemas\\\/#breadcrumb\",\"itemListElement\":[{\"@type\":\"ListItem\",\"position\":1,\"name\":\"In\u00edcio\",\"item\":\"https:\\\/\\\/www.maquinadepropaganda.com.br\\\/blog\\\/\"},{\"@type\":\"ListItem\",\"position\":2,\"name\":\"Racks Met\u00e1licos para Armazenagem &#8211; Abg Sistemas\"}]},{\"@type\":\"WebSite\",\"@id\":\"https:\\\/\\\/www.maquinadepropaganda.com.br\\\/blog\\\/#website\",\"url\":\"https:\\\/\\\/www.maquinadepropaganda.com.br\\\/blog\\\/\",\"name\":\"Maquina de Propaganda\",\"description\":\"Marketing Digital\",\"publisher\":{\"@id\":\"https:\\\/\\\/www.maquinadepropaganda.com.br\\\/blog\\\/#organization\"},\"potentialAction\":[{\"@type\":\"SearchAction\",\"target\":{\"@type\":\"EntryPoint\",\"urlTemplate\":\"https:\\\/\\\/www.maquinadepropaganda.com.br\\\/blog\\\/?s={search_term_string}\"},\"query-input\":{\"@type\":\"PropertyValueSpecification\",\"valueRequired\":true,\"valueName\":\"search_term_string\"}}],\"inLanguage\":\"pt-BR\"},{\"@type\":\"Organization\",\"@id\":\"https:\\\/\\\/www.maquinadepropaganda.com.br\\\/blog\\\/#organization\",\"name\":\"Maquina de Propaganda\",\"url\":\"https:\\\/\\\/www.maquinadepropaganda.com.br\\\/blog\\\/\",\"logo\":{\"@type\":\"ImageObject\",\"inLanguage\":\"pt-BR\",\"@id\":\"https:\\\/\\\/www.maquinadepropaganda.com.br\\\/blog\\\/#\\\/schema\\\/logo\\\/image\\\/\",\"url\":\"https:\\\/\\\/www.maquinadepropaganda.com.br\\\/blog\\\/wp-content\\\/uploads\\\/2021\\\/09\\\/cropped-logo.png\",\"contentUrl\":\"https:\\\/\\\/www.maquinadepropaganda.com.br\\\/blog\\\/wp-content\\\/uploads\\\/2021\\\/09\\\/cropped-logo.png\",\"width\":240,\"height\":49,\"caption\":\"Maquina de Propaganda\"},\"image\":{\"@id\":\"https:\\\/\\\/www.maquinadepropaganda.com.br\\\/blog\\\/#\\\/schema\\\/logo\\\/image\\\/\"}},{\"@type\":\"Person\",\"@id\":\"https:\\\/\\\/www.maquinadepropaganda.com.br\\\/blog\\\/#\\\/schema\\\/person\\\/50b25b06af5d877ed4f46dc8f4f055b8\",\"name\":\"admin\",\"image\":{\"@type\":\"ImageObject\",\"inLanguage\":\"pt-BR\",\"@id\":\"https:\\\/\\\/www.maquinadepropaganda.com.br\\\/blog\\\/wp-content\\\/litespeed\\\/avatar\\\/4b824cf09742ea97423d0f7c2267bce7.jpg?ver=1777265065\",\"url\":\"https:\\\/\\\/www.maquinadepropaganda.com.br\\\/blog\\\/wp-content\\\/litespeed\\\/avatar\\\/4b824cf09742ea97423d0f7c2267bce7.jpg?ver=1777265065\",\"contentUrl\":\"https:\\\/\\\/www.maquinadepropaganda.com.br\\\/blog\\\/wp-content\\\/litespeed\\\/avatar\\\/4b824cf09742ea97423d0f7c2267bce7.jpg?ver=1777265065\",\"caption\":\"admin\"},\"sameAs\":[\"https:\\\/\\\/www.aparecernogoogle.com.br\\\/\"],\"url\":\"https:\\\/\\\/www.maquinadepropaganda.com.br\\\/blog\\\/author\\\/admin\\\/\"}]}<\/script>\n<!-- \/ Yoast SEO plugin. -->","yoast_head_json":{"title":"Racks Met\u00e1licos para Armazenagem - Abg Sistemas - Maquina de Propaganda","robots":{"index":"index","follow":"follow","max-snippet":"max-snippet:-1","max-image-preview":"max-image-preview:large","max-video-preview":"max-video-preview:-1"},"canonical":"https:\/\/www.maquinadepropaganda.com.br\/blog\/racks-metalicos-para-armazenagem-abg-sistemas\/","og_locale":"pt_BR","og_type":"article","og_title":"Racks Met\u00e1licos para Armazenagem - Abg Sistemas - Maquina de Propaganda","og_description":"Ainda n\u00e3o tem\u00a0Racks Met\u00e1licos para Armazenagem? Venha conhecer os\u00a0Racks Met\u00e1licos para Armazenagem\u00a0da Tedesco! Os\u00a0Racks Met\u00e1licos para Armazenagem\u00a0s\u00e3o muito \u00fateis nas \u00e1reas industriais e centros de armazenagem. Utilizar\u00a0Racks Met\u00e1licos para Armazenagem\u00a0ajudam a otimizar o espa\u00e7o pois poder ser empilhados, s\u00e3o retorn\u00e1veis, resistentes e utilizando melhor a capacidade por metro quadrado. A utiliza\u00e7\u00e3o dos\u00a0Racks Met\u00e1licos para Armazenagem\u00a0\u00e9 [&hellip;]","og_url":"https:\/\/www.maquinadepropaganda.com.br\/blog\/racks-metalicos-para-armazenagem-abg-sistemas\/","og_site_name":"Maquina de Propaganda","article_published_time":"2021-03-17T20:41:05+00:00","article_modified_time":"2021-03-17T20:41:09+00:00","og_image":[{"width":500,"height":307,"url":"https:\/\/www.maquinadepropaganda.com.br\/blog\/wp-content\/uploads\/2021\/03\/abgsistemas-6.jpg","type":"image\/jpeg"}],"author":"admin","twitter_card":"summary_large_image","twitter_misc":{"Escrito por":"admin","Est. tempo de leitura":"2 minutos"},"schema":{"@context":"https:\/\/schema.org","@graph":[{"@type":"Article","@id":"https:\/\/www.maquinadepropaganda.com.br\/blog\/racks-metalicos-para-armazenagem-abg-sistemas\/#article","isPartOf":{"@id":"https:\/\/www.maquinadepropaganda.com.br\/blog\/racks-metalicos-para-armazenagem-abg-sistemas\/"},"author":{"name":"admin","@id":"https:\/\/www.maquinadepropaganda.com.br\/blog\/#\/schema\/person\/50b25b06af5d877ed4f46dc8f4f055b8"},"headline":"Racks Met\u00e1licos para Armazenagem &#8211; Abg Sistemas","datePublished":"2021-03-17T20:41:05+00:00","dateModified":"2021-03-17T20:41:09+00:00","mainEntityOfPage":{"@id":"https:\/\/www.maquinadepropaganda.com.br\/blog\/racks-metalicos-para-armazenagem-abg-sistemas\/"},"wordCount":360,"commentCount":0,"publisher":{"@id":"https:\/\/www.maquinadepropaganda.com.br\/blog\/#organization"},"image":{"@id":"https:\/\/www.maquinadepropaganda.com.br\/blog\/racks-metalicos-para-armazenagem-abg-sistemas\/#primaryimage"},"thumbnailUrl":"https:\/\/www.maquinadepropaganda.com.br\/blog\/wp-content\/uploads\/2021\/03\/abgsistemas-6.jpg","keywords":["Racks Met\u00e1licos para Armazenagem"],"articleSection":["Blog"],"inLanguage":"pt-BR","potentialAction":[{"@type":"CommentAction","name":"Comment","target":["https:\/\/www.maquinadepropaganda.com.br\/blog\/racks-metalicos-para-armazenagem-abg-sistemas\/#respond"]}]},{"@type":"WebPage","@id":"https:\/\/www.maquinadepropaganda.com.br\/blog\/racks-metalicos-para-armazenagem-abg-sistemas\/","url":"https:\/\/www.maquinadepropaganda.com.br\/blog\/racks-metalicos-para-armazenagem-abg-sistemas\/","name":"Racks Met\u00e1licos para Armazenagem - Abg Sistemas - Maquina de Propaganda","isPartOf":{"@id":"https:\/\/www.maquinadepropaganda.com.br\/blog\/#website"},"primaryImageOfPage":{"@id":"https:\/\/www.maquinadepropaganda.com.br\/blog\/racks-metalicos-para-armazenagem-abg-sistemas\/#primaryimage"},"image":{"@id":"https:\/\/www.maquinadepropaganda.com.br\/blog\/racks-metalicos-para-armazenagem-abg-sistemas\/#primaryimage"},"thumbnailUrl":"https:\/\/www.maquinadepropaganda.com.br\/blog\/wp-content\/uploads\/2021\/03\/abgsistemas-6.jpg","datePublished":"2021-03-17T20:41:05+00:00","dateModified":"2021-03-17T20:41:09+00:00","breadcrumb":{"@id":"https:\/\/www.maquinadepropaganda.com.br\/blog\/racks-metalicos-para-armazenagem-abg-sistemas\/#breadcrumb"},"inLanguage":"pt-BR","potentialAction":[{"@type":"ReadAction","target":["https:\/\/www.maquinadepropaganda.com.br\/blog\/racks-metalicos-para-armazenagem-abg-sistemas\/"]}]},{"@type":"ImageObject","inLanguage":"pt-BR","@id":"https:\/\/www.maquinadepropaganda.com.br\/blog\/racks-metalicos-para-armazenagem-abg-sistemas\/#primaryimage","url":"https:\/\/www.maquinadepropaganda.com.br\/blog\/wp-content\/uploads\/2021\/03\/abgsistemas-6.jpg","contentUrl":"https:\/\/www.maquinadepropaganda.com.br\/blog\/wp-content\/uploads\/2021\/03\/abgsistemas-6.jpg","width":500,"height":307,"caption":"Racks met\u00e1licos para armazenagem"},{"@type":"BreadcrumbList","@id":"https:\/\/www.maquinadepropaganda.com.br\/blog\/racks-metalicos-para-armazenagem-abg-sistemas\/#breadcrumb","itemListElement":[{"@type":"ListItem","position":1,"name":"In\u00edcio","item":"https:\/\/www.maquinadepropaganda.com.br\/blog\/"},{"@type":"ListItem","position":2,"name":"Racks Met\u00e1licos para Armazenagem &#8211; Abg Sistemas"}]},{"@type":"WebSite","@id":"https:\/\/www.maquinadepropaganda.com.br\/blog\/#website","url":"https:\/\/www.maquinadepropaganda.com.br\/blog\/","name":"Maquina de Propaganda","description":"Marketing Digital","publisher":{"@id":"https:\/\/www.maquinadepropaganda.com.br\/blog\/#organization"},"potentialAction":[{"@type":"SearchAction","target":{"@type":"EntryPoint","urlTemplate":"https:\/\/www.maquinadepropaganda.com.br\/blog\/?s={search_term_string}"},"query-input":{"@type":"PropertyValueSpecification","valueRequired":true,"valueName":"search_term_string"}}],"inLanguage":"pt-BR"},{"@type":"Organization","@id":"https:\/\/www.maquinadepropaganda.com.br\/blog\/#organization","name":"Maquina de Propaganda","url":"https:\/\/www.maquinadepropaganda.com.br\/blog\/","logo":{"@type":"ImageObject","inLanguage":"pt-BR","@id":"https:\/\/www.maquinadepropaganda.com.br\/blog\/#\/schema\/logo\/image\/","url":"https:\/\/www.maquinadepropaganda.com.br\/blog\/wp-content\/uploads\/2021\/09\/cropped-logo.png","contentUrl":"https:\/\/www.maquinadepropaganda.com.br\/blog\/wp-content\/uploads\/2021\/09\/cropped-logo.png","width":240,"height":49,"caption":"Maquina de Propaganda"},"image":{"@id":"https:\/\/www.maquinadepropaganda.com.br\/blog\/#\/schema\/logo\/image\/"}},{"@type":"Person","@id":"https:\/\/www.maquinadepropaganda.com.br\/blog\/#\/schema\/person\/50b25b06af5d877ed4f46dc8f4f055b8","name":"admin","image":{"@type":"ImageObject","inLanguage":"pt-BR","@id":"https:\/\/www.maquinadepropaganda.com.br\/blog\/wp-content\/litespeed\/avatar\/4b824cf09742ea97423d0f7c2267bce7.jpg?ver=1777265065","url":"https:\/\/www.maquinadepropaganda.com.br\/blog\/wp-content\/litespeed\/avatar\/4b824cf09742ea97423d0f7c2267bce7.jpg?ver=1777265065","contentUrl":"https:\/\/www.maquinadepropaganda.com.br\/blog\/wp-content\/litespeed\/avatar\/4b824cf09742ea97423d0f7c2267bce7.jpg?ver=1777265065","caption":"admin"},"sameAs":["https:\/\/www.aparecernogoogle.com.br\/"],"url":"https:\/\/www.maquinadepropaganda.com.br\/blog\/author\/admin\/"}]}},"_links":{"self":[{"href":"https:\/\/www.maquinadepropaganda.com.br\/blog\/wp-json\/wp\/v2\/posts\/506","targetHints":{"allow":["GET"]}}],"collection":[{"href":"https:\/\/www.maquinadepropaganda.com.br\/blog\/wp-json\/wp\/v2\/posts"}],"about":[{"href":"https:\/\/www.maquinadepropaganda.com.br\/blog\/wp-json\/wp\/v2\/types\/post"}],"author":[{"embeddable":true,"href":"https:\/\/www.maquinadepropaganda.com.br\/blog\/wp-json\/wp\/v2\/users\/1"}],"replies":[{"embeddable":true,"href":"https:\/\/www.maquinadepropaganda.com.br\/blog\/wp-json\/wp\/v2\/comments?post=506"}],"version-history":[{"count":1,"href":"https:\/\/www.maquinadepropaganda.com.br\/blog\/wp-json\/wp\/v2\/posts\/506\/revisions"}],"predecessor-version":[{"id":508,"href":"https:\/\/www.maquinadepropaganda.com.br\/blog\/wp-json\/wp\/v2\/posts\/506\/revisions\/508"}],"wp:featuredmedia":[{"embeddable":true,"href":"https:\/\/www.maquinadepropaganda.com.br\/blog\/wp-json\/wp\/v2\/media\/507"}],"wp:attachment":[{"href":"https:\/\/www.maquinadepropaganda.com.br\/blog\/wp-json\/wp\/v2\/media?parent=506"}],"wp:term":[{"taxonomy":"category","embeddable":true,"href":"https:\/\/www.maquinadepropaganda.com.br\/blog\/wp-json\/wp\/v2\/categories?post=506"},{"taxonomy":"post_tag","embeddable":true,"href":"https:\/\/www.maquinadepropaganda.com.br\/blog\/wp-json\/wp\/v2\/tags?post=506"}],"curies":[{"name":"wp","href":"https:\/\/api.w.org\/{rel}","templated":true}]}}