{"id":727,"date":"2021-12-06T20:34:36","date_gmt":"2021-12-06T20:34:36","guid":{"rendered":"https:\/\/www.maquinadepropaganda.com.br\/blog\/?p=727"},"modified":"2021-12-06T20:34:38","modified_gmt":"2021-12-06T20:34:38","slug":"acao-renovatoria-de-locacao-comercial-mca-mesquita-correa-advogados","status":"publish","type":"post","link":"https:\/\/www.maquinadepropaganda.com.br\/blog\/acao-renovatoria-de-locacao-comercial-mca-mesquita-correa-advogados\/","title":{"rendered":"A\u00e7\u00e3o renovat\u00f3ria de loca\u00e7\u00e3o comercial &#8211; MCA Mesquita Corr\u00eaa Advogados"},"content":{"rendered":"\n<p>Com a experi\u00eancia de mais de 60 anos no ramo, a MCA \u00e9 um escrit\u00f3rio de advocacia muito procurado para ajudar a obter o direito a renova\u00e7\u00e3o do contrato de loca\u00e7\u00e3o, ou seja, estamos preparados para entrar com uma<a href=\"https:\/\/www.mesquitacorrea.adv.br\/acao-renovatoria-locacao-comercial\/\">&nbsp;<strong>A\u00e7\u00e3o renovat\u00f3ria de loca\u00e7\u00e3o comercial<\/strong><\/a>.<\/p>\n\n\n\n<p>Atuamos de forma diferenciada e prestamos um atendimento personalizado para cada cliente que busca a&nbsp;<strong>A\u00e7\u00e3o renovat\u00f3ria de loca\u00e7\u00e3o comercial<\/strong>, portanto, focamos n\u00e3o apenas desenvolver o melhor trabalho poss\u00edvel, mas tamb\u00e9m em buscar efetivamente os resultados pretendidos pelo cliente.<\/p>\n\n\n\n<p>Para entender melhor, a&nbsp;<strong>A\u00e7\u00e3o renovat\u00f3ria de loca\u00e7\u00e3o comercial<\/strong>&nbsp;\u00e9 uma a\u00e7\u00e3o judicial proposta pelo inquilino contra seu locador para que um contrato loca\u00e7\u00e3o comercial seja renovado de modo for\u00e7ado, para que ele continue conduzindo seu neg\u00f3cio naquele ponto comercial.<\/p>\n\n\n\n<p>Afinal, muitas das vezes, o empreendedor inicia um neg\u00f3cio num im\u00f3vel alugado e, quando o locador n\u00e3o deseja renovar o contrato de loca\u00e7\u00e3o, o empres\u00e1rio pode entrar com uma&nbsp;<strong>A\u00e7\u00e3o renovat\u00f3ria de loca\u00e7\u00e3o comercial<\/strong>&nbsp;para n\u00e3o perder o tempo, os clientes e trabalho investido.<\/p>\n\n\n\n<p>Para que voc\u00ea possa ter sucesso em sua&nbsp;<strong>A\u00e7\u00e3o renovat\u00f3ria de loca\u00e7\u00e3o comercial<\/strong>, \u00e9 necess\u00e1rio atender alguns requisitos e exig\u00eancias, al\u00e9m disso, a a\u00e7\u00e3o ainda possui outras particularidades, como por exemplo, o prazo para o seu exerc\u00edcio. Portanto, recomendamos a contrata\u00e7\u00e3o de um dos nossos advogados especialistas em direito imobili\u00e1rio.<\/p>\n\n\n\n<p>N\u00e3o tenha d\u00favidas de que nossa empresa \u00e9 a melhor para ajudar voc\u00ea em sua&nbsp;<strong>A\u00e7\u00e3o renovat\u00f3ria de loca\u00e7\u00e3o comercial<\/strong>. Ao longo dos anos, investimos em uma infraestrutura moderna e de alto padr\u00e3o, utilizando softwares de gest\u00e3o para integrar todos os setores do escrit\u00f3rio e otimizar o tempo de nossos processos, visando proporcionar um atendimento de excel\u00eancia aos nossos clientes.<\/p>\n\n\n\n<p>Al\u00e9m disso, a equipe de advogados da MCA se destaca pelo seu comprometimento com todos os clientes, independentemente do valor da a\u00e7\u00e3o ou do servi\u00e7o solicitado. Estamos em constante atualiza\u00e7\u00e3o de nossos conhecimentos com a participa\u00e7\u00e3o frequente em cursos e congressos.<\/p>\n\n\n\n<p>Nossos advogados de&nbsp;<strong>A\u00e7\u00e3o renovat\u00f3ria de loca\u00e7\u00e3o comercial<\/strong>&nbsp;possuem certifica\u00e7\u00f5es no exterior e se preocupam com a constante busca pelo conhecimento para valorizar os nossos clientes. Da\u00ed a import\u00e2ncia de investir em um escrit\u00f3rio que mant\u00e9m um crescimento cont\u00ednuo, sem perder o foco administrativo, que garante a m\u00e1xima organiza\u00e7\u00e3o dos processos e agiliza\u00e7\u00e3o de todos os tr\u00e2mites judiciais da&nbsp;<strong>A\u00e7\u00e3o renovat\u00f3ria de loca\u00e7\u00e3o comercial<\/strong>.<\/p>\n\n\n\n<p>Contamos com um portf\u00f3lio repleto de cases de sucessos e feedbacks positivos, que atestam e asseguram a nossa responsabilidade e profissionalismo durante a&nbsp;<strong>A\u00e7\u00e3o renovat\u00f3ria de loca\u00e7\u00e3o comercial<\/strong>. N\u00e3o importante a regi\u00e3o que voc\u00ea se encontra, temos uma ampla rede de colaboradores, correspondentes e parceiros para a&nbsp;<strong>A\u00e7\u00e3o renovat\u00f3ria de loca\u00e7\u00e3o comercial<\/strong>&nbsp;em todo o Brasil, atendendo em diversos munic\u00edpios do estado de S\u00e3o Paulo e de outros estados.<\/p>\n\n\n\n<p>Estamos dispon\u00edveis para marcar uma reuni\u00e3o e esclarecer quaisquer d\u00favidas que possam surgir sobre a&nbsp;<strong>A\u00e7\u00e3o renovat\u00f3ria de loca\u00e7\u00e3o comercial<\/strong>. Queremos ajudar voc\u00ea e proporcionar mais seguran\u00e7a ao seu neg\u00f3cio. Contrate a MCA e fique tranquilo ao seu processo, trabalhamos com agilidade e mantemos uma comunica\u00e7\u00e3o eficiente e constante, al\u00e9m de um \u00f3timo custo-benef\u00edcio!<\/p>\n","protected":false},"excerpt":{"rendered":"<p>Com a experi\u00eancia de mais de 60 anos no ramo, a MCA \u00e9 um escrit\u00f3rio de advocacia muito procurado para ajudar a obter o direito a renova\u00e7\u00e3o do contrato de loca\u00e7\u00e3o, ou seja, estamos preparados para entrar com uma&nbsp;A\u00e7\u00e3o renovat\u00f3ria de loca\u00e7\u00e3o comercial. Atuamos de forma diferenciada e prestamos um atendimento personalizado para cada cliente [&hellip;]<\/p>\n","protected":false},"author":1,"featured_media":728,"comment_status":"open","ping_status":"open","sticky":false,"template":"","format":"standard","meta":{"footnotes":""},"categories":[6],"tags":[209,211,210,208],"class_list":["post-727","post","type-post","status-publish","format-standard","has-post-thumbnail","hentry","category-blog","tag-acao","tag-comercial","tag-locacao","tag-renovatoria"],"yoast_head":"<!-- This site is optimized with the Yoast SEO plugin v27.4 - https:\/\/yoast.com\/product\/yoast-seo-wordpress\/ -->\n<title>A\u00e7\u00e3o renovat\u00f3ria de loca\u00e7\u00e3o comercial - MCA Mesquita Corr\u00eaa Advogados - Maquina de Propaganda<\/title>\n<meta name=\"robots\" content=\"index, follow, max-snippet:-1, max-image-preview:large, max-video-preview:-1\" \/>\n<link rel=\"canonical\" href=\"https:\/\/www.maquinadepropaganda.com.br\/blog\/acao-renovatoria-de-locacao-comercial-mca-mesquita-correa-advogados\/\" \/>\n<meta property=\"og:locale\" content=\"pt_BR\" \/>\n<meta property=\"og:type\" content=\"article\" \/>\n<meta property=\"og:title\" content=\"A\u00e7\u00e3o renovat\u00f3ria de loca\u00e7\u00e3o comercial - MCA Mesquita Corr\u00eaa Advogados - Maquina de Propaganda\" \/>\n<meta property=\"og:description\" content=\"Com a experi\u00eancia de mais de 60 anos no ramo, a MCA \u00e9 um escrit\u00f3rio de advocacia muito procurado para ajudar a obter o direito a renova\u00e7\u00e3o do contrato de loca\u00e7\u00e3o, ou seja, estamos preparados para entrar com uma&nbsp;A\u00e7\u00e3o renovat\u00f3ria de loca\u00e7\u00e3o comercial. Atuamos de forma diferenciada e prestamos um atendimento personalizado para cada cliente [&hellip;]\" \/>\n<meta property=\"og:url\" content=\"https:\/\/www.maquinadepropaganda.com.br\/blog\/acao-renovatoria-de-locacao-comercial-mca-mesquita-correa-advogados\/\" \/>\n<meta property=\"og:site_name\" content=\"Maquina de Propaganda\" \/>\n<meta property=\"article:published_time\" content=\"2021-12-06T20:34:36+00:00\" \/>\n<meta property=\"article:modified_time\" content=\"2021-12-06T20:34:38+00:00\" \/>\n<meta property=\"og:image\" content=\"https:\/\/www.maquinadepropaganda.com.br\/blog\/wp-content\/uploads\/2021\/12\/mesquitacorrea.jpg\" \/>\n\t<meta property=\"og:image:width\" content=\"700\" \/>\n\t<meta property=\"og:image:height\" content=\"467\" \/>\n\t<meta property=\"og:image:type\" content=\"image\/jpeg\" \/>\n<meta name=\"author\" content=\"admin\" \/>\n<meta name=\"twitter:card\" content=\"summary_large_image\" \/>\n<meta name=\"twitter:label1\" content=\"Escrito por\" \/>\n\t<meta name=\"twitter:data1\" content=\"admin\" \/>\n\t<meta name=\"twitter:label2\" content=\"Est. tempo de leitura\" \/>\n\t<meta name=\"twitter:data2\" content=\"3 minutos\" \/>\n<script type=\"application\/ld+json\" class=\"yoast-schema-graph\">{\"@context\":\"https:\\\/\\\/schema.org\",\"@graph\":[{\"@type\":\"Article\",\"@id\":\"https:\\\/\\\/www.maquinadepropaganda.com.br\\\/blog\\\/acao-renovatoria-de-locacao-comercial-mca-mesquita-correa-advogados\\\/#article\",\"isPartOf\":{\"@id\":\"https:\\\/\\\/www.maquinadepropaganda.com.br\\\/blog\\\/acao-renovatoria-de-locacao-comercial-mca-mesquita-correa-advogados\\\/\"},\"author\":{\"name\":\"admin\",\"@id\":\"https:\\\/\\\/www.maquinadepropaganda.com.br\\\/blog\\\/#\\\/schema\\\/person\\\/50b25b06af5d877ed4f46dc8f4f055b8\"},\"headline\":\"A\u00e7\u00e3o renovat\u00f3ria de loca\u00e7\u00e3o comercial &#8211; MCA Mesquita Corr\u00eaa Advogados\",\"datePublished\":\"2021-12-06T20:34:36+00:00\",\"dateModified\":\"2021-12-06T20:34:38+00:00\",\"mainEntityOfPage\":{\"@id\":\"https:\\\/\\\/www.maquinadepropaganda.com.br\\\/blog\\\/acao-renovatoria-de-locacao-comercial-mca-mesquita-correa-advogados\\\/\"},\"wordCount\":619,\"commentCount\":0,\"publisher\":{\"@id\":\"https:\\\/\\\/www.maquinadepropaganda.com.br\\\/blog\\\/#organization\"},\"image\":{\"@id\":\"https:\\\/\\\/www.maquinadepropaganda.com.br\\\/blog\\\/acao-renovatoria-de-locacao-comercial-mca-mesquita-correa-advogados\\\/#primaryimage\"},\"thumbnailUrl\":\"https:\\\/\\\/www.maquinadepropaganda.com.br\\\/blog\\\/wp-content\\\/uploads\\\/2021\\\/12\\\/mesquitacorrea.jpg\",\"keywords\":[\"A\u00e7\u00e3o\",\"comercial\",\"loca\u00e7\u00e3o\",\"renovat\u00f3ria\"],\"articleSection\":[\"Blog\"],\"inLanguage\":\"pt-BR\",\"potentialAction\":[{\"@type\":\"CommentAction\",\"name\":\"Comment\",\"target\":[\"https:\\\/\\\/www.maquinadepropaganda.com.br\\\/blog\\\/acao-renovatoria-de-locacao-comercial-mca-mesquita-correa-advogados\\\/#respond\"]}]},{\"@type\":\"WebPage\",\"@id\":\"https:\\\/\\\/www.maquinadepropaganda.com.br\\\/blog\\\/acao-renovatoria-de-locacao-comercial-mca-mesquita-correa-advogados\\\/\",\"url\":\"https:\\\/\\\/www.maquinadepropaganda.com.br\\\/blog\\\/acao-renovatoria-de-locacao-comercial-mca-mesquita-correa-advogados\\\/\",\"name\":\"A\u00e7\u00e3o renovat\u00f3ria de loca\u00e7\u00e3o comercial - MCA Mesquita Corr\u00eaa Advogados - Maquina de Propaganda\",\"isPartOf\":{\"@id\":\"https:\\\/\\\/www.maquinadepropaganda.com.br\\\/blog\\\/#website\"},\"primaryImageOfPage\":{\"@id\":\"https:\\\/\\\/www.maquinadepropaganda.com.br\\\/blog\\\/acao-renovatoria-de-locacao-comercial-mca-mesquita-correa-advogados\\\/#primaryimage\"},\"image\":{\"@id\":\"https:\\\/\\\/www.maquinadepropaganda.com.br\\\/blog\\\/acao-renovatoria-de-locacao-comercial-mca-mesquita-correa-advogados\\\/#primaryimage\"},\"thumbnailUrl\":\"https:\\\/\\\/www.maquinadepropaganda.com.br\\\/blog\\\/wp-content\\\/uploads\\\/2021\\\/12\\\/mesquitacorrea.jpg\",\"datePublished\":\"2021-12-06T20:34:36+00:00\",\"dateModified\":\"2021-12-06T20:34:38+00:00\",\"breadcrumb\":{\"@id\":\"https:\\\/\\\/www.maquinadepropaganda.com.br\\\/blog\\\/acao-renovatoria-de-locacao-comercial-mca-mesquita-correa-advogados\\\/#breadcrumb\"},\"inLanguage\":\"pt-BR\",\"potentialAction\":[{\"@type\":\"ReadAction\",\"target\":[\"https:\\\/\\\/www.maquinadepropaganda.com.br\\\/blog\\\/acao-renovatoria-de-locacao-comercial-mca-mesquita-correa-advogados\\\/\"]}]},{\"@type\":\"ImageObject\",\"inLanguage\":\"pt-BR\",\"@id\":\"https:\\\/\\\/www.maquinadepropaganda.com.br\\\/blog\\\/acao-renovatoria-de-locacao-comercial-mca-mesquita-correa-advogados\\\/#primaryimage\",\"url\":\"https:\\\/\\\/www.maquinadepropaganda.com.br\\\/blog\\\/wp-content\\\/uploads\\\/2021\\\/12\\\/mesquitacorrea.jpg\",\"contentUrl\":\"https:\\\/\\\/www.maquinadepropaganda.com.br\\\/blog\\\/wp-content\\\/uploads\\\/2021\\\/12\\\/mesquitacorrea.jpg\",\"width\":700,\"height\":467,\"caption\":\"A\u00e7\u00e3o renovat\u00f3ria de loca\u00e7\u00e3o comercial\"},{\"@type\":\"BreadcrumbList\",\"@id\":\"https:\\\/\\\/www.maquinadepropaganda.com.br\\\/blog\\\/acao-renovatoria-de-locacao-comercial-mca-mesquita-correa-advogados\\\/#breadcrumb\",\"itemListElement\":[{\"@type\":\"ListItem\",\"position\":1,\"name\":\"In\u00edcio\",\"item\":\"https:\\\/\\\/www.maquinadepropaganda.com.br\\\/blog\\\/\"},{\"@type\":\"ListItem\",\"position\":2,\"name\":\"A\u00e7\u00e3o renovat\u00f3ria de loca\u00e7\u00e3o comercial &#8211; MCA Mesquita Corr\u00eaa Advogados\"}]},{\"@type\":\"WebSite\",\"@id\":\"https:\\\/\\\/www.maquinadepropaganda.com.br\\\/blog\\\/#website\",\"url\":\"https:\\\/\\\/www.maquinadepropaganda.com.br\\\/blog\\\/\",\"name\":\"Maquina de Propaganda\",\"description\":\"Marketing Digital\",\"publisher\":{\"@id\":\"https:\\\/\\\/www.maquinadepropaganda.com.br\\\/blog\\\/#organization\"},\"potentialAction\":[{\"@type\":\"SearchAction\",\"target\":{\"@type\":\"EntryPoint\",\"urlTemplate\":\"https:\\\/\\\/www.maquinadepropaganda.com.br\\\/blog\\\/?s={search_term_string}\"},\"query-input\":{\"@type\":\"PropertyValueSpecification\",\"valueRequired\":true,\"valueName\":\"search_term_string\"}}],\"inLanguage\":\"pt-BR\"},{\"@type\":\"Organization\",\"@id\":\"https:\\\/\\\/www.maquinadepropaganda.com.br\\\/blog\\\/#organization\",\"name\":\"Maquina de Propaganda\",\"url\":\"https:\\\/\\\/www.maquinadepropaganda.com.br\\\/blog\\\/\",\"logo\":{\"@type\":\"ImageObject\",\"inLanguage\":\"pt-BR\",\"@id\":\"https:\\\/\\\/www.maquinadepropaganda.com.br\\\/blog\\\/#\\\/schema\\\/logo\\\/image\\\/\",\"url\":\"https:\\\/\\\/www.maquinadepropaganda.com.br\\\/blog\\\/wp-content\\\/uploads\\\/2021\\\/09\\\/cropped-logo.png\",\"contentUrl\":\"https:\\\/\\\/www.maquinadepropaganda.com.br\\\/blog\\\/wp-content\\\/uploads\\\/2021\\\/09\\\/cropped-logo.png\",\"width\":240,\"height\":49,\"caption\":\"Maquina de Propaganda\"},\"image\":{\"@id\":\"https:\\\/\\\/www.maquinadepropaganda.com.br\\\/blog\\\/#\\\/schema\\\/logo\\\/image\\\/\"}},{\"@type\":\"Person\",\"@id\":\"https:\\\/\\\/www.maquinadepropaganda.com.br\\\/blog\\\/#\\\/schema\\\/person\\\/50b25b06af5d877ed4f46dc8f4f055b8\",\"name\":\"admin\",\"image\":{\"@type\":\"ImageObject\",\"inLanguage\":\"pt-BR\",\"@id\":\"https:\\\/\\\/www.maquinadepropaganda.com.br\\\/blog\\\/wp-content\\\/litespeed\\\/avatar\\\/4b824cf09742ea97423d0f7c2267bce7.jpg?ver=1777265065\",\"url\":\"https:\\\/\\\/www.maquinadepropaganda.com.br\\\/blog\\\/wp-content\\\/litespeed\\\/avatar\\\/4b824cf09742ea97423d0f7c2267bce7.jpg?ver=1777265065\",\"contentUrl\":\"https:\\\/\\\/www.maquinadepropaganda.com.br\\\/blog\\\/wp-content\\\/litespeed\\\/avatar\\\/4b824cf09742ea97423d0f7c2267bce7.jpg?ver=1777265065\",\"caption\":\"admin\"},\"sameAs\":[\"https:\\\/\\\/www.aparecernogoogle.com.br\\\/\"],\"url\":\"https:\\\/\\\/www.maquinadepropaganda.com.br\\\/blog\\\/author\\\/admin\\\/\"}]}<\/script>\n<!-- \/ Yoast SEO plugin. -->","yoast_head_json":{"title":"A\u00e7\u00e3o renovat\u00f3ria de loca\u00e7\u00e3o comercial - MCA Mesquita Corr\u00eaa Advogados - Maquina de Propaganda","robots":{"index":"index","follow":"follow","max-snippet":"max-snippet:-1","max-image-preview":"max-image-preview:large","max-video-preview":"max-video-preview:-1"},"canonical":"https:\/\/www.maquinadepropaganda.com.br\/blog\/acao-renovatoria-de-locacao-comercial-mca-mesquita-correa-advogados\/","og_locale":"pt_BR","og_type":"article","og_title":"A\u00e7\u00e3o renovat\u00f3ria de loca\u00e7\u00e3o comercial - MCA Mesquita Corr\u00eaa Advogados - Maquina de Propaganda","og_description":"Com a experi\u00eancia de mais de 60 anos no ramo, a MCA \u00e9 um escrit\u00f3rio de advocacia muito procurado para ajudar a obter o direito a renova\u00e7\u00e3o do contrato de loca\u00e7\u00e3o, ou seja, estamos preparados para entrar com uma&nbsp;A\u00e7\u00e3o renovat\u00f3ria de loca\u00e7\u00e3o comercial. Atuamos de forma diferenciada e prestamos um atendimento personalizado para cada cliente [&hellip;]","og_url":"https:\/\/www.maquinadepropaganda.com.br\/blog\/acao-renovatoria-de-locacao-comercial-mca-mesquita-correa-advogados\/","og_site_name":"Maquina de Propaganda","article_published_time":"2021-12-06T20:34:36+00:00","article_modified_time":"2021-12-06T20:34:38+00:00","og_image":[{"width":700,"height":467,"url":"https:\/\/www.maquinadepropaganda.com.br\/blog\/wp-content\/uploads\/2021\/12\/mesquitacorrea.jpg","type":"image\/jpeg"}],"author":"admin","twitter_card":"summary_large_image","twitter_misc":{"Escrito por":"admin","Est. tempo de leitura":"3 minutos"},"schema":{"@context":"https:\/\/schema.org","@graph":[{"@type":"Article","@id":"https:\/\/www.maquinadepropaganda.com.br\/blog\/acao-renovatoria-de-locacao-comercial-mca-mesquita-correa-advogados\/#article","isPartOf":{"@id":"https:\/\/www.maquinadepropaganda.com.br\/blog\/acao-renovatoria-de-locacao-comercial-mca-mesquita-correa-advogados\/"},"author":{"name":"admin","@id":"https:\/\/www.maquinadepropaganda.com.br\/blog\/#\/schema\/person\/50b25b06af5d877ed4f46dc8f4f055b8"},"headline":"A\u00e7\u00e3o renovat\u00f3ria de loca\u00e7\u00e3o comercial &#8211; MCA Mesquita Corr\u00eaa Advogados","datePublished":"2021-12-06T20:34:36+00:00","dateModified":"2021-12-06T20:34:38+00:00","mainEntityOfPage":{"@id":"https:\/\/www.maquinadepropaganda.com.br\/blog\/acao-renovatoria-de-locacao-comercial-mca-mesquita-correa-advogados\/"},"wordCount":619,"commentCount":0,"publisher":{"@id":"https:\/\/www.maquinadepropaganda.com.br\/blog\/#organization"},"image":{"@id":"https:\/\/www.maquinadepropaganda.com.br\/blog\/acao-renovatoria-de-locacao-comercial-mca-mesquita-correa-advogados\/#primaryimage"},"thumbnailUrl":"https:\/\/www.maquinadepropaganda.com.br\/blog\/wp-content\/uploads\/2021\/12\/mesquitacorrea.jpg","keywords":["A\u00e7\u00e3o","comercial","loca\u00e7\u00e3o","renovat\u00f3ria"],"articleSection":["Blog"],"inLanguage":"pt-BR","potentialAction":[{"@type":"CommentAction","name":"Comment","target":["https:\/\/www.maquinadepropaganda.com.br\/blog\/acao-renovatoria-de-locacao-comercial-mca-mesquita-correa-advogados\/#respond"]}]},{"@type":"WebPage","@id":"https:\/\/www.maquinadepropaganda.com.br\/blog\/acao-renovatoria-de-locacao-comercial-mca-mesquita-correa-advogados\/","url":"https:\/\/www.maquinadepropaganda.com.br\/blog\/acao-renovatoria-de-locacao-comercial-mca-mesquita-correa-advogados\/","name":"A\u00e7\u00e3o renovat\u00f3ria de loca\u00e7\u00e3o comercial - MCA Mesquita Corr\u00eaa Advogados - Maquina de Propaganda","isPartOf":{"@id":"https:\/\/www.maquinadepropaganda.com.br\/blog\/#website"},"primaryImageOfPage":{"@id":"https:\/\/www.maquinadepropaganda.com.br\/blog\/acao-renovatoria-de-locacao-comercial-mca-mesquita-correa-advogados\/#primaryimage"},"image":{"@id":"https:\/\/www.maquinadepropaganda.com.br\/blog\/acao-renovatoria-de-locacao-comercial-mca-mesquita-correa-advogados\/#primaryimage"},"thumbnailUrl":"https:\/\/www.maquinadepropaganda.com.br\/blog\/wp-content\/uploads\/2021\/12\/mesquitacorrea.jpg","datePublished":"2021-12-06T20:34:36+00:00","dateModified":"2021-12-06T20:34:38+00:00","breadcrumb":{"@id":"https:\/\/www.maquinadepropaganda.com.br\/blog\/acao-renovatoria-de-locacao-comercial-mca-mesquita-correa-advogados\/#breadcrumb"},"inLanguage":"pt-BR","potentialAction":[{"@type":"ReadAction","target":["https:\/\/www.maquinadepropaganda.com.br\/blog\/acao-renovatoria-de-locacao-comercial-mca-mesquita-correa-advogados\/"]}]},{"@type":"ImageObject","inLanguage":"pt-BR","@id":"https:\/\/www.maquinadepropaganda.com.br\/blog\/acao-renovatoria-de-locacao-comercial-mca-mesquita-correa-advogados\/#primaryimage","url":"https:\/\/www.maquinadepropaganda.com.br\/blog\/wp-content\/uploads\/2021\/12\/mesquitacorrea.jpg","contentUrl":"https:\/\/www.maquinadepropaganda.com.br\/blog\/wp-content\/uploads\/2021\/12\/mesquitacorrea.jpg","width":700,"height":467,"caption":"A\u00e7\u00e3o renovat\u00f3ria de loca\u00e7\u00e3o comercial"},{"@type":"BreadcrumbList","@id":"https:\/\/www.maquinadepropaganda.com.br\/blog\/acao-renovatoria-de-locacao-comercial-mca-mesquita-correa-advogados\/#breadcrumb","itemListElement":[{"@type":"ListItem","position":1,"name":"In\u00edcio","item":"https:\/\/www.maquinadepropaganda.com.br\/blog\/"},{"@type":"ListItem","position":2,"name":"A\u00e7\u00e3o renovat\u00f3ria de loca\u00e7\u00e3o comercial &#8211; MCA Mesquita Corr\u00eaa Advogados"}]},{"@type":"WebSite","@id":"https:\/\/www.maquinadepropaganda.com.br\/blog\/#website","url":"https:\/\/www.maquinadepropaganda.com.br\/blog\/","name":"Maquina de Propaganda","description":"Marketing Digital","publisher":{"@id":"https:\/\/www.maquinadepropaganda.com.br\/blog\/#organization"},"potentialAction":[{"@type":"SearchAction","target":{"@type":"EntryPoint","urlTemplate":"https:\/\/www.maquinadepropaganda.com.br\/blog\/?s={search_term_string}"},"query-input":{"@type":"PropertyValueSpecification","valueRequired":true,"valueName":"search_term_string"}}],"inLanguage":"pt-BR"},{"@type":"Organization","@id":"https:\/\/www.maquinadepropaganda.com.br\/blog\/#organization","name":"Maquina de Propaganda","url":"https:\/\/www.maquinadepropaganda.com.br\/blog\/","logo":{"@type":"ImageObject","inLanguage":"pt-BR","@id":"https:\/\/www.maquinadepropaganda.com.br\/blog\/#\/schema\/logo\/image\/","url":"https:\/\/www.maquinadepropaganda.com.br\/blog\/wp-content\/uploads\/2021\/09\/cropped-logo.png","contentUrl":"https:\/\/www.maquinadepropaganda.com.br\/blog\/wp-content\/uploads\/2021\/09\/cropped-logo.png","width":240,"height":49,"caption":"Maquina de Propaganda"},"image":{"@id":"https:\/\/www.maquinadepropaganda.com.br\/blog\/#\/schema\/logo\/image\/"}},{"@type":"Person","@id":"https:\/\/www.maquinadepropaganda.com.br\/blog\/#\/schema\/person\/50b25b06af5d877ed4f46dc8f4f055b8","name":"admin","image":{"@type":"ImageObject","inLanguage":"pt-BR","@id":"https:\/\/www.maquinadepropaganda.com.br\/blog\/wp-content\/litespeed\/avatar\/4b824cf09742ea97423d0f7c2267bce7.jpg?ver=1777265065","url":"https:\/\/www.maquinadepropaganda.com.br\/blog\/wp-content\/litespeed\/avatar\/4b824cf09742ea97423d0f7c2267bce7.jpg?ver=1777265065","contentUrl":"https:\/\/www.maquinadepropaganda.com.br\/blog\/wp-content\/litespeed\/avatar\/4b824cf09742ea97423d0f7c2267bce7.jpg?ver=1777265065","caption":"admin"},"sameAs":["https:\/\/www.aparecernogoogle.com.br\/"],"url":"https:\/\/www.maquinadepropaganda.com.br\/blog\/author\/admin\/"}]}},"_links":{"self":[{"href":"https:\/\/www.maquinadepropaganda.com.br\/blog\/wp-json\/wp\/v2\/posts\/727","targetHints":{"allow":["GET"]}}],"collection":[{"href":"https:\/\/www.maquinadepropaganda.com.br\/blog\/wp-json\/wp\/v2\/posts"}],"about":[{"href":"https:\/\/www.maquinadepropaganda.com.br\/blog\/wp-json\/wp\/v2\/types\/post"}],"author":[{"embeddable":true,"href":"https:\/\/www.maquinadepropaganda.com.br\/blog\/wp-json\/wp\/v2\/users\/1"}],"replies":[{"embeddable":true,"href":"https:\/\/www.maquinadepropaganda.com.br\/blog\/wp-json\/wp\/v2\/comments?post=727"}],"version-history":[{"count":1,"href":"https:\/\/www.maquinadepropaganda.com.br\/blog\/wp-json\/wp\/v2\/posts\/727\/revisions"}],"predecessor-version":[{"id":729,"href":"https:\/\/www.maquinadepropaganda.com.br\/blog\/wp-json\/wp\/v2\/posts\/727\/revisions\/729"}],"wp:featuredmedia":[{"embeddable":true,"href":"https:\/\/www.maquinadepropaganda.com.br\/blog\/wp-json\/wp\/v2\/media\/728"}],"wp:attachment":[{"href":"https:\/\/www.maquinadepropaganda.com.br\/blog\/wp-json\/wp\/v2\/media?parent=727"}],"wp:term":[{"taxonomy":"category","embeddable":true,"href":"https:\/\/www.maquinadepropaganda.com.br\/blog\/wp-json\/wp\/v2\/categories?post=727"},{"taxonomy":"post_tag","embeddable":true,"href":"https:\/\/www.maquinadepropaganda.com.br\/blog\/wp-json\/wp\/v2\/tags?post=727"}],"curies":[{"name":"wp","href":"https:\/\/api.w.org\/{rel}","templated":true}]}}