{"id":764,"date":"2022-02-03T20:05:41","date_gmt":"2022-02-03T20:05:41","guid":{"rendered":"https:\/\/www.maquinadepropaganda.com.br\/blog\/?p=764"},"modified":"2022-02-03T20:05:45","modified_gmt":"2022-02-03T20:05:45","slug":"carrada-de-areia-conexao-areia-e-pedra","status":"publish","type":"post","link":"https:\/\/www.maquinadepropaganda.com.br\/blog\/carrada-de-areia-conexao-areia-e-pedra\/","title":{"rendered":"Carrada de areia &#8211; Conex\u00e3o Areia e Pedra"},"content":{"rendered":"\n<p>Procurando pela melhor fornecedora de&nbsp;<strong><a href=\"https:\/\/www.conexaoareia.com.br\/carrada-areia\/\">Carrada de areia<\/a><\/strong>? Atuando desde 2017, a Conex\u00e3o Areia e Pedra \u00e9 a distribuidora de materiais mais reconhecida e procurada do mercado por trabalhar apenas com produtos de alta qualidade e garantia de seguran\u00e7a.<\/p>\n\n\n\n<p>Ao longo dos anos, investimos em uma infraestrutura moderna e uma equipe formada por profissionais altamente qualificados e experientes em&nbsp;<strong>Carrada de areia<\/strong>, que atuam com m\u00e1ximo profissionalismo e transpar\u00eancia para levar ao mercado solu\u00e7\u00f5es eficientes.<\/p>\n","protected":false},"excerpt":{"rendered":"<p>Procurando pela melhor fornecedora de&nbsp;Carrada de areia? Atuando desde 2017, a Conex\u00e3o Areia e Pedra \u00e9 a distribuidora de materiais mais reconhecida e procurada do mercado por trabalhar apenas com produtos de alta qualidade e garantia de seguran\u00e7a. Ao longo dos anos, investimos em uma infraestrutura moderna e uma equipe formada por profissionais altamente qualificados [&hellip;]<\/p>\n","protected":false},"author":1,"featured_media":765,"comment_status":"open","ping_status":"open","sticky":false,"template":"","format":"standard","meta":{"footnotes":""},"categories":[6],"tags":[235,234],"class_list":["post-764","post","type-post","status-publish","format-standard","has-post-thumbnail","hentry","category-blog","tag-areia","tag-carrada"],"yoast_head":"<!-- This site is optimized with the Yoast SEO plugin v27.4 - https:\/\/yoast.com\/product\/yoast-seo-wordpress\/ -->\n<title>Carrada de areia - Conex\u00e3o Areia e Pedra - Maquina de Propaganda<\/title>\n<meta name=\"robots\" content=\"index, follow, max-snippet:-1, max-image-preview:large, max-video-preview:-1\" \/>\n<link rel=\"canonical\" href=\"https:\/\/www.maquinadepropaganda.com.br\/blog\/carrada-de-areia-conexao-areia-e-pedra\/\" \/>\n<meta property=\"og:locale\" content=\"pt_BR\" \/>\n<meta property=\"og:type\" content=\"article\" \/>\n<meta property=\"og:title\" content=\"Carrada de areia - Conex\u00e3o Areia e Pedra - Maquina de Propaganda\" \/>\n<meta property=\"og:description\" content=\"Procurando pela melhor fornecedora de&nbsp;Carrada de areia? Atuando desde 2017, a Conex\u00e3o Areia e Pedra \u00e9 a distribuidora de materiais mais reconhecida e procurada do mercado por trabalhar apenas com produtos de alta qualidade e garantia de seguran\u00e7a. Ao longo dos anos, investimos em uma infraestrutura moderna e uma equipe formada por profissionais altamente qualificados [&hellip;]\" \/>\n<meta property=\"og:url\" content=\"https:\/\/www.maquinadepropaganda.com.br\/blog\/carrada-de-areia-conexao-areia-e-pedra\/\" \/>\n<meta property=\"og:site_name\" content=\"Maquina de Propaganda\" \/>\n<meta property=\"article:published_time\" content=\"2022-02-03T20:05:41+00:00\" \/>\n<meta property=\"article:modified_time\" content=\"2022-02-03T20:05:45+00:00\" \/>\n<meta property=\"og:image\" content=\"https:\/\/www.maquinadepropaganda.com.br\/blog\/wp-content\/uploads\/2022\/02\/conexaoareia.jpg\" \/>\n\t<meta property=\"og:image:width\" content=\"400\" \/>\n\t<meta property=\"og:image:height\" content=\"300\" \/>\n\t<meta property=\"og:image:type\" content=\"image\/jpeg\" \/>\n<meta name=\"author\" content=\"admin\" \/>\n<meta name=\"twitter:card\" content=\"summary_large_image\" \/>\n<meta name=\"twitter:label1\" content=\"Escrito por\" \/>\n\t<meta name=\"twitter:data1\" content=\"admin\" \/>\n<script type=\"application\/ld+json\" class=\"yoast-schema-graph\">{\"@context\":\"https:\\\/\\\/schema.org\",\"@graph\":[{\"@type\":\"Article\",\"@id\":\"https:\\\/\\\/www.maquinadepropaganda.com.br\\\/blog\\\/carrada-de-areia-conexao-areia-e-pedra\\\/#article\",\"isPartOf\":{\"@id\":\"https:\\\/\\\/www.maquinadepropaganda.com.br\\\/blog\\\/carrada-de-areia-conexao-areia-e-pedra\\\/\"},\"author\":{\"name\":\"admin\",\"@id\":\"https:\\\/\\\/www.maquinadepropaganda.com.br\\\/blog\\\/#\\\/schema\\\/person\\\/50b25b06af5d877ed4f46dc8f4f055b8\"},\"headline\":\"Carrada de areia &#8211; Conex\u00e3o Areia e Pedra\",\"datePublished\":\"2022-02-03T20:05:41+00:00\",\"dateModified\":\"2022-02-03T20:05:45+00:00\",\"mainEntityOfPage\":{\"@id\":\"https:\\\/\\\/www.maquinadepropaganda.com.br\\\/blog\\\/carrada-de-areia-conexao-areia-e-pedra\\\/\"},\"wordCount\":89,\"commentCount\":0,\"publisher\":{\"@id\":\"https:\\\/\\\/www.maquinadepropaganda.com.br\\\/blog\\\/#organization\"},\"image\":{\"@id\":\"https:\\\/\\\/www.maquinadepropaganda.com.br\\\/blog\\\/carrada-de-areia-conexao-areia-e-pedra\\\/#primaryimage\"},\"thumbnailUrl\":\"https:\\\/\\\/www.maquinadepropaganda.com.br\\\/blog\\\/wp-content\\\/uploads\\\/2022\\\/02\\\/conexaoareia.jpg\",\"keywords\":[\"areia\",\"Carrada\"],\"articleSection\":[\"Blog\"],\"inLanguage\":\"pt-BR\",\"potentialAction\":[{\"@type\":\"CommentAction\",\"name\":\"Comment\",\"target\":[\"https:\\\/\\\/www.maquinadepropaganda.com.br\\\/blog\\\/carrada-de-areia-conexao-areia-e-pedra\\\/#respond\"]}]},{\"@type\":\"WebPage\",\"@id\":\"https:\\\/\\\/www.maquinadepropaganda.com.br\\\/blog\\\/carrada-de-areia-conexao-areia-e-pedra\\\/\",\"url\":\"https:\\\/\\\/www.maquinadepropaganda.com.br\\\/blog\\\/carrada-de-areia-conexao-areia-e-pedra\\\/\",\"name\":\"Carrada de areia - Conex\u00e3o Areia e Pedra - Maquina de Propaganda\",\"isPartOf\":{\"@id\":\"https:\\\/\\\/www.maquinadepropaganda.com.br\\\/blog\\\/#website\"},\"primaryImageOfPage\":{\"@id\":\"https:\\\/\\\/www.maquinadepropaganda.com.br\\\/blog\\\/carrada-de-areia-conexao-areia-e-pedra\\\/#primaryimage\"},\"image\":{\"@id\":\"https:\\\/\\\/www.maquinadepropaganda.com.br\\\/blog\\\/carrada-de-areia-conexao-areia-e-pedra\\\/#primaryimage\"},\"thumbnailUrl\":\"https:\\\/\\\/www.maquinadepropaganda.com.br\\\/blog\\\/wp-content\\\/uploads\\\/2022\\\/02\\\/conexaoareia.jpg\",\"datePublished\":\"2022-02-03T20:05:41+00:00\",\"dateModified\":\"2022-02-03T20:05:45+00:00\",\"breadcrumb\":{\"@id\":\"https:\\\/\\\/www.maquinadepropaganda.com.br\\\/blog\\\/carrada-de-areia-conexao-areia-e-pedra\\\/#breadcrumb\"},\"inLanguage\":\"pt-BR\",\"potentialAction\":[{\"@type\":\"ReadAction\",\"target\":[\"https:\\\/\\\/www.maquinadepropaganda.com.br\\\/blog\\\/carrada-de-areia-conexao-areia-e-pedra\\\/\"]}]},{\"@type\":\"ImageObject\",\"inLanguage\":\"pt-BR\",\"@id\":\"https:\\\/\\\/www.maquinadepropaganda.com.br\\\/blog\\\/carrada-de-areia-conexao-areia-e-pedra\\\/#primaryimage\",\"url\":\"https:\\\/\\\/www.maquinadepropaganda.com.br\\\/blog\\\/wp-content\\\/uploads\\\/2022\\\/02\\\/conexaoareia.jpg\",\"contentUrl\":\"https:\\\/\\\/www.maquinadepropaganda.com.br\\\/blog\\\/wp-content\\\/uploads\\\/2022\\\/02\\\/conexaoareia.jpg\",\"width\":400,\"height\":300,\"caption\":\"Carrada de areia\"},{\"@type\":\"BreadcrumbList\",\"@id\":\"https:\\\/\\\/www.maquinadepropaganda.com.br\\\/blog\\\/carrada-de-areia-conexao-areia-e-pedra\\\/#breadcrumb\",\"itemListElement\":[{\"@type\":\"ListItem\",\"position\":1,\"name\":\"In\u00edcio\",\"item\":\"https:\\\/\\\/www.maquinadepropaganda.com.br\\\/blog\\\/\"},{\"@type\":\"ListItem\",\"position\":2,\"name\":\"Carrada de areia &#8211; Conex\u00e3o Areia e Pedra\"}]},{\"@type\":\"WebSite\",\"@id\":\"https:\\\/\\\/www.maquinadepropaganda.com.br\\\/blog\\\/#website\",\"url\":\"https:\\\/\\\/www.maquinadepropaganda.com.br\\\/blog\\\/\",\"name\":\"Maquina de Propaganda\",\"description\":\"Marketing Digital\",\"publisher\":{\"@id\":\"https:\\\/\\\/www.maquinadepropaganda.com.br\\\/blog\\\/#organization\"},\"potentialAction\":[{\"@type\":\"SearchAction\",\"target\":{\"@type\":\"EntryPoint\",\"urlTemplate\":\"https:\\\/\\\/www.maquinadepropaganda.com.br\\\/blog\\\/?s={search_term_string}\"},\"query-input\":{\"@type\":\"PropertyValueSpecification\",\"valueRequired\":true,\"valueName\":\"search_term_string\"}}],\"inLanguage\":\"pt-BR\"},{\"@type\":\"Organization\",\"@id\":\"https:\\\/\\\/www.maquinadepropaganda.com.br\\\/blog\\\/#organization\",\"name\":\"Maquina de Propaganda\",\"url\":\"https:\\\/\\\/www.maquinadepropaganda.com.br\\\/blog\\\/\",\"logo\":{\"@type\":\"ImageObject\",\"inLanguage\":\"pt-BR\",\"@id\":\"https:\\\/\\\/www.maquinadepropaganda.com.br\\\/blog\\\/#\\\/schema\\\/logo\\\/image\\\/\",\"url\":\"https:\\\/\\\/www.maquinadepropaganda.com.br\\\/blog\\\/wp-content\\\/uploads\\\/2021\\\/09\\\/cropped-logo.png\",\"contentUrl\":\"https:\\\/\\\/www.maquinadepropaganda.com.br\\\/blog\\\/wp-content\\\/uploads\\\/2021\\\/09\\\/cropped-logo.png\",\"width\":240,\"height\":49,\"caption\":\"Maquina de Propaganda\"},\"image\":{\"@id\":\"https:\\\/\\\/www.maquinadepropaganda.com.br\\\/blog\\\/#\\\/schema\\\/logo\\\/image\\\/\"}},{\"@type\":\"Person\",\"@id\":\"https:\\\/\\\/www.maquinadepropaganda.com.br\\\/blog\\\/#\\\/schema\\\/person\\\/50b25b06af5d877ed4f46dc8f4f055b8\",\"name\":\"admin\",\"image\":{\"@type\":\"ImageObject\",\"inLanguage\":\"pt-BR\",\"@id\":\"https:\\\/\\\/www.maquinadepropaganda.com.br\\\/blog\\\/wp-content\\\/litespeed\\\/avatar\\\/4b824cf09742ea97423d0f7c2267bce7.jpg?ver=1777265065\",\"url\":\"https:\\\/\\\/www.maquinadepropaganda.com.br\\\/blog\\\/wp-content\\\/litespeed\\\/avatar\\\/4b824cf09742ea97423d0f7c2267bce7.jpg?ver=1777265065\",\"contentUrl\":\"https:\\\/\\\/www.maquinadepropaganda.com.br\\\/blog\\\/wp-content\\\/litespeed\\\/avatar\\\/4b824cf09742ea97423d0f7c2267bce7.jpg?ver=1777265065\",\"caption\":\"admin\"},\"sameAs\":[\"https:\\\/\\\/www.aparecernogoogle.com.br\\\/\"],\"url\":\"https:\\\/\\\/www.maquinadepropaganda.com.br\\\/blog\\\/author\\\/admin\\\/\"}]}<\/script>\n<!-- \/ Yoast SEO plugin. -->","yoast_head_json":{"title":"Carrada de areia - Conex\u00e3o Areia e Pedra - Maquina de Propaganda","robots":{"index":"index","follow":"follow","max-snippet":"max-snippet:-1","max-image-preview":"max-image-preview:large","max-video-preview":"max-video-preview:-1"},"canonical":"https:\/\/www.maquinadepropaganda.com.br\/blog\/carrada-de-areia-conexao-areia-e-pedra\/","og_locale":"pt_BR","og_type":"article","og_title":"Carrada de areia - Conex\u00e3o Areia e Pedra - Maquina de Propaganda","og_description":"Procurando pela melhor fornecedora de&nbsp;Carrada de areia? Atuando desde 2017, a Conex\u00e3o Areia e Pedra \u00e9 a distribuidora de materiais mais reconhecida e procurada do mercado por trabalhar apenas com produtos de alta qualidade e garantia de seguran\u00e7a. Ao longo dos anos, investimos em uma infraestrutura moderna e uma equipe formada por profissionais altamente qualificados [&hellip;]","og_url":"https:\/\/www.maquinadepropaganda.com.br\/blog\/carrada-de-areia-conexao-areia-e-pedra\/","og_site_name":"Maquina de Propaganda","article_published_time":"2022-02-03T20:05:41+00:00","article_modified_time":"2022-02-03T20:05:45+00:00","og_image":[{"width":400,"height":300,"url":"https:\/\/www.maquinadepropaganda.com.br\/blog\/wp-content\/uploads\/2022\/02\/conexaoareia.jpg","type":"image\/jpeg"}],"author":"admin","twitter_card":"summary_large_image","twitter_misc":{"Escrito por":"admin"},"schema":{"@context":"https:\/\/schema.org","@graph":[{"@type":"Article","@id":"https:\/\/www.maquinadepropaganda.com.br\/blog\/carrada-de-areia-conexao-areia-e-pedra\/#article","isPartOf":{"@id":"https:\/\/www.maquinadepropaganda.com.br\/blog\/carrada-de-areia-conexao-areia-e-pedra\/"},"author":{"name":"admin","@id":"https:\/\/www.maquinadepropaganda.com.br\/blog\/#\/schema\/person\/50b25b06af5d877ed4f46dc8f4f055b8"},"headline":"Carrada de areia &#8211; Conex\u00e3o Areia e Pedra","datePublished":"2022-02-03T20:05:41+00:00","dateModified":"2022-02-03T20:05:45+00:00","mainEntityOfPage":{"@id":"https:\/\/www.maquinadepropaganda.com.br\/blog\/carrada-de-areia-conexao-areia-e-pedra\/"},"wordCount":89,"commentCount":0,"publisher":{"@id":"https:\/\/www.maquinadepropaganda.com.br\/blog\/#organization"},"image":{"@id":"https:\/\/www.maquinadepropaganda.com.br\/blog\/carrada-de-areia-conexao-areia-e-pedra\/#primaryimage"},"thumbnailUrl":"https:\/\/www.maquinadepropaganda.com.br\/blog\/wp-content\/uploads\/2022\/02\/conexaoareia.jpg","keywords":["areia","Carrada"],"articleSection":["Blog"],"inLanguage":"pt-BR","potentialAction":[{"@type":"CommentAction","name":"Comment","target":["https:\/\/www.maquinadepropaganda.com.br\/blog\/carrada-de-areia-conexao-areia-e-pedra\/#respond"]}]},{"@type":"WebPage","@id":"https:\/\/www.maquinadepropaganda.com.br\/blog\/carrada-de-areia-conexao-areia-e-pedra\/","url":"https:\/\/www.maquinadepropaganda.com.br\/blog\/carrada-de-areia-conexao-areia-e-pedra\/","name":"Carrada de areia - Conex\u00e3o Areia e Pedra - Maquina de Propaganda","isPartOf":{"@id":"https:\/\/www.maquinadepropaganda.com.br\/blog\/#website"},"primaryImageOfPage":{"@id":"https:\/\/www.maquinadepropaganda.com.br\/blog\/carrada-de-areia-conexao-areia-e-pedra\/#primaryimage"},"image":{"@id":"https:\/\/www.maquinadepropaganda.com.br\/blog\/carrada-de-areia-conexao-areia-e-pedra\/#primaryimage"},"thumbnailUrl":"https:\/\/www.maquinadepropaganda.com.br\/blog\/wp-content\/uploads\/2022\/02\/conexaoareia.jpg","datePublished":"2022-02-03T20:05:41+00:00","dateModified":"2022-02-03T20:05:45+00:00","breadcrumb":{"@id":"https:\/\/www.maquinadepropaganda.com.br\/blog\/carrada-de-areia-conexao-areia-e-pedra\/#breadcrumb"},"inLanguage":"pt-BR","potentialAction":[{"@type":"ReadAction","target":["https:\/\/www.maquinadepropaganda.com.br\/blog\/carrada-de-areia-conexao-areia-e-pedra\/"]}]},{"@type":"ImageObject","inLanguage":"pt-BR","@id":"https:\/\/www.maquinadepropaganda.com.br\/blog\/carrada-de-areia-conexao-areia-e-pedra\/#primaryimage","url":"https:\/\/www.maquinadepropaganda.com.br\/blog\/wp-content\/uploads\/2022\/02\/conexaoareia.jpg","contentUrl":"https:\/\/www.maquinadepropaganda.com.br\/blog\/wp-content\/uploads\/2022\/02\/conexaoareia.jpg","width":400,"height":300,"caption":"Carrada de areia"},{"@type":"BreadcrumbList","@id":"https:\/\/www.maquinadepropaganda.com.br\/blog\/carrada-de-areia-conexao-areia-e-pedra\/#breadcrumb","itemListElement":[{"@type":"ListItem","position":1,"name":"In\u00edcio","item":"https:\/\/www.maquinadepropaganda.com.br\/blog\/"},{"@type":"ListItem","position":2,"name":"Carrada de areia &#8211; Conex\u00e3o Areia e Pedra"}]},{"@type":"WebSite","@id":"https:\/\/www.maquinadepropaganda.com.br\/blog\/#website","url":"https:\/\/www.maquinadepropaganda.com.br\/blog\/","name":"Maquina de Propaganda","description":"Marketing Digital","publisher":{"@id":"https:\/\/www.maquinadepropaganda.com.br\/blog\/#organization"},"potentialAction":[{"@type":"SearchAction","target":{"@type":"EntryPoint","urlTemplate":"https:\/\/www.maquinadepropaganda.com.br\/blog\/?s={search_term_string}"},"query-input":{"@type":"PropertyValueSpecification","valueRequired":true,"valueName":"search_term_string"}}],"inLanguage":"pt-BR"},{"@type":"Organization","@id":"https:\/\/www.maquinadepropaganda.com.br\/blog\/#organization","name":"Maquina de Propaganda","url":"https:\/\/www.maquinadepropaganda.com.br\/blog\/","logo":{"@type":"ImageObject","inLanguage":"pt-BR","@id":"https:\/\/www.maquinadepropaganda.com.br\/blog\/#\/schema\/logo\/image\/","url":"https:\/\/www.maquinadepropaganda.com.br\/blog\/wp-content\/uploads\/2021\/09\/cropped-logo.png","contentUrl":"https:\/\/www.maquinadepropaganda.com.br\/blog\/wp-content\/uploads\/2021\/09\/cropped-logo.png","width":240,"height":49,"caption":"Maquina de Propaganda"},"image":{"@id":"https:\/\/www.maquinadepropaganda.com.br\/blog\/#\/schema\/logo\/image\/"}},{"@type":"Person","@id":"https:\/\/www.maquinadepropaganda.com.br\/blog\/#\/schema\/person\/50b25b06af5d877ed4f46dc8f4f055b8","name":"admin","image":{"@type":"ImageObject","inLanguage":"pt-BR","@id":"https:\/\/www.maquinadepropaganda.com.br\/blog\/wp-content\/litespeed\/avatar\/4b824cf09742ea97423d0f7c2267bce7.jpg?ver=1777265065","url":"https:\/\/www.maquinadepropaganda.com.br\/blog\/wp-content\/litespeed\/avatar\/4b824cf09742ea97423d0f7c2267bce7.jpg?ver=1777265065","contentUrl":"https:\/\/www.maquinadepropaganda.com.br\/blog\/wp-content\/litespeed\/avatar\/4b824cf09742ea97423d0f7c2267bce7.jpg?ver=1777265065","caption":"admin"},"sameAs":["https:\/\/www.aparecernogoogle.com.br\/"],"url":"https:\/\/www.maquinadepropaganda.com.br\/blog\/author\/admin\/"}]}},"_links":{"self":[{"href":"https:\/\/www.maquinadepropaganda.com.br\/blog\/wp-json\/wp\/v2\/posts\/764","targetHints":{"allow":["GET"]}}],"collection":[{"href":"https:\/\/www.maquinadepropaganda.com.br\/blog\/wp-json\/wp\/v2\/posts"}],"about":[{"href":"https:\/\/www.maquinadepropaganda.com.br\/blog\/wp-json\/wp\/v2\/types\/post"}],"author":[{"embeddable":true,"href":"https:\/\/www.maquinadepropaganda.com.br\/blog\/wp-json\/wp\/v2\/users\/1"}],"replies":[{"embeddable":true,"href":"https:\/\/www.maquinadepropaganda.com.br\/blog\/wp-json\/wp\/v2\/comments?post=764"}],"version-history":[{"count":1,"href":"https:\/\/www.maquinadepropaganda.com.br\/blog\/wp-json\/wp\/v2\/posts\/764\/revisions"}],"predecessor-version":[{"id":766,"href":"https:\/\/www.maquinadepropaganda.com.br\/blog\/wp-json\/wp\/v2\/posts\/764\/revisions\/766"}],"wp:featuredmedia":[{"embeddable":true,"href":"https:\/\/www.maquinadepropaganda.com.br\/blog\/wp-json\/wp\/v2\/media\/765"}],"wp:attachment":[{"href":"https:\/\/www.maquinadepropaganda.com.br\/blog\/wp-json\/wp\/v2\/media?parent=764"}],"wp:term":[{"taxonomy":"category","embeddable":true,"href":"https:\/\/www.maquinadepropaganda.com.br\/blog\/wp-json\/wp\/v2\/categories?post=764"},{"taxonomy":"post_tag","embeddable":true,"href":"https:\/\/www.maquinadepropaganda.com.br\/blog\/wp-json\/wp\/v2\/tags?post=764"}],"curies":[{"name":"wp","href":"https:\/\/api.w.org\/{rel}","templated":true}]}}