{"id":943,"date":"2022-07-08T19:31:04","date_gmt":"2022-07-08T19:31:04","guid":{"rendered":"https:\/\/www.maquinadepropaganda.com.br\/blog\/?p=943"},"modified":"2022-07-22T20:50:52","modified_gmt":"2022-07-22T20:50:52","slug":"ar-condicionado-americana-sp","status":"publish","type":"post","link":"https:\/\/www.maquinadepropaganda.com.br\/blog\/ar-condicionado-americana-sp\/","title":{"rendered":"Ar Condicionado Americana SP | Refrigera\u00e7\u00e3o S\u00e3o Camilo"},"content":{"rendered":"\n<p>A S\u00e3o Camilo Ar Condicionado atua com&nbsp;<strong><a href=\"https:\/\/www.saocamiloarcondicionado.com.br\/ar-condicionado-americana-sp.php\">ar condicionado Americana SP<\/a><\/strong>, investindo sempre em produtos de \u00f3tima qualidade, com agilidade no atendimento e informa\u00e7\u00f5es necess\u00e1rias para sanar as d\u00favidas dos clientes. Visando a qualidade garantida do&nbsp;<strong>ar condicionado Americana SP<\/strong>, proporcionando total satisfa\u00e7\u00e3o.<\/p>\n\n\n\n<p>Buscamos sempre inovar com&nbsp;<strong>ar condicionado Americana SP<\/strong>, a S\u00e3o Camilo Ar Condicionado tem se tornado uma das melhores empresas da cidade nesse segmento. Com muita responsabilidade social e ambiental, honestidade, compet\u00eancia, transpar\u00eancia e respeito entre todos.<\/p>\n","protected":false},"excerpt":{"rendered":"<p>A S\u00e3o Camilo Ar Condicionado atua com&nbsp;ar condicionado Americana SP, investindo sempre em produtos de \u00f3tima qualidade, com agilidade no atendimento e informa\u00e7\u00f5es necess\u00e1rias para sanar as d\u00favidas dos clientes. Visando a qualidade garantida do&nbsp;ar condicionado Americana SP, proporcionando total satisfa\u00e7\u00e3o. Buscamos sempre inovar com&nbsp;ar condicionado Americana SP, a S\u00e3o Camilo Ar Condicionado tem se [&hellip;]<\/p>\n","protected":false},"author":2,"featured_media":944,"comment_status":"open","ping_status":"open","sticky":false,"template":"","format":"standard","meta":{"footnotes":""},"categories":[6],"tags":[],"class_list":["post-943","post","type-post","status-publish","format-standard","has-post-thumbnail","hentry","category-blog"],"yoast_head":"<!-- This site is optimized with the Yoast SEO plugin v27.4 - https:\/\/yoast.com\/product\/yoast-seo-wordpress\/ -->\n<title>Ar Condicionado Americana SP | Refrigera\u00e7\u00e3o S\u00e3o Camilo - Maquina de Propaganda<\/title>\n<meta name=\"robots\" content=\"index, follow, max-snippet:-1, max-image-preview:large, max-video-preview:-1\" \/>\n<link rel=\"canonical\" href=\"https:\/\/www.maquinadepropaganda.com.br\/blog\/ar-condicionado-americana-sp\/\" \/>\n<meta property=\"og:locale\" content=\"pt_BR\" \/>\n<meta property=\"og:type\" content=\"article\" \/>\n<meta property=\"og:title\" content=\"Ar Condicionado Americana SP | Refrigera\u00e7\u00e3o S\u00e3o Camilo - Maquina de Propaganda\" \/>\n<meta property=\"og:description\" content=\"A S\u00e3o Camilo Ar Condicionado atua com&nbsp;ar condicionado Americana SP, investindo sempre em produtos de \u00f3tima qualidade, com agilidade no atendimento e informa\u00e7\u00f5es necess\u00e1rias para sanar as d\u00favidas dos clientes. Visando a qualidade garantida do&nbsp;ar condicionado Americana SP, proporcionando total satisfa\u00e7\u00e3o. Buscamos sempre inovar com&nbsp;ar condicionado Americana SP, a S\u00e3o Camilo Ar Condicionado tem se [&hellip;]\" \/>\n<meta property=\"og:url\" content=\"https:\/\/www.maquinadepropaganda.com.br\/blog\/ar-condicionado-americana-sp\/\" \/>\n<meta property=\"og:site_name\" content=\"Maquina de Propaganda\" \/>\n<meta property=\"article:published_time\" content=\"2022-07-08T19:31:04+00:00\" \/>\n<meta property=\"article:modified_time\" content=\"2022-07-22T20:50:52+00:00\" \/>\n<meta property=\"og:image\" content=\"https:\/\/www.maquinadepropaganda.com.br\/blog\/wp-content\/uploads\/2022\/07\/ar-condicionado-americana-sp.jpg\" \/>\n\t<meta property=\"og:image:width\" content=\"400\" \/>\n\t<meta property=\"og:image:height\" content=\"300\" \/>\n\t<meta property=\"og:image:type\" content=\"image\/jpeg\" \/>\n<meta name=\"author\" content=\"tecnico\" \/>\n<meta name=\"twitter:card\" content=\"summary_large_image\" \/>\n<meta name=\"twitter:label1\" content=\"Escrito por\" \/>\n\t<meta name=\"twitter:data1\" content=\"tecnico\" \/>\n<script type=\"application\/ld+json\" class=\"yoast-schema-graph\">{\"@context\":\"https:\\\/\\\/schema.org\",\"@graph\":[{\"@type\":\"Article\",\"@id\":\"https:\\\/\\\/www.maquinadepropaganda.com.br\\\/blog\\\/ar-condicionado-americana-sp\\\/#article\",\"isPartOf\":{\"@id\":\"https:\\\/\\\/www.maquinadepropaganda.com.br\\\/blog\\\/ar-condicionado-americana-sp\\\/\"},\"author\":{\"name\":\"tecnico\",\"@id\":\"https:\\\/\\\/www.maquinadepropaganda.com.br\\\/blog\\\/#\\\/schema\\\/person\\\/01e960051d378b73d3d441f3b712ecef\"},\"headline\":\"Ar Condicionado Americana SP | Refrigera\u00e7\u00e3o S\u00e3o Camilo\",\"datePublished\":\"2022-07-08T19:31:04+00:00\",\"dateModified\":\"2022-07-22T20:50:52+00:00\",\"mainEntityOfPage\":{\"@id\":\"https:\\\/\\\/www.maquinadepropaganda.com.br\\\/blog\\\/ar-condicionado-americana-sp\\\/\"},\"wordCount\":100,\"commentCount\":0,\"publisher\":{\"@id\":\"https:\\\/\\\/www.maquinadepropaganda.com.br\\\/blog\\\/#organization\"},\"image\":{\"@id\":\"https:\\\/\\\/www.maquinadepropaganda.com.br\\\/blog\\\/ar-condicionado-americana-sp\\\/#primaryimage\"},\"thumbnailUrl\":\"https:\\\/\\\/www.maquinadepropaganda.com.br\\\/blog\\\/wp-content\\\/uploads\\\/2022\\\/07\\\/ar-condicionado-americana-sp.jpg\",\"articleSection\":[\"Blog\"],\"inLanguage\":\"pt-BR\",\"potentialAction\":[{\"@type\":\"CommentAction\",\"name\":\"Comment\",\"target\":[\"https:\\\/\\\/www.maquinadepropaganda.com.br\\\/blog\\\/ar-condicionado-americana-sp\\\/#respond\"]}]},{\"@type\":\"WebPage\",\"@id\":\"https:\\\/\\\/www.maquinadepropaganda.com.br\\\/blog\\\/ar-condicionado-americana-sp\\\/\",\"url\":\"https:\\\/\\\/www.maquinadepropaganda.com.br\\\/blog\\\/ar-condicionado-americana-sp\\\/\",\"name\":\"Ar Condicionado Americana SP | Refrigera\u00e7\u00e3o S\u00e3o Camilo - Maquina de Propaganda\",\"isPartOf\":{\"@id\":\"https:\\\/\\\/www.maquinadepropaganda.com.br\\\/blog\\\/#website\"},\"primaryImageOfPage\":{\"@id\":\"https:\\\/\\\/www.maquinadepropaganda.com.br\\\/blog\\\/ar-condicionado-americana-sp\\\/#primaryimage\"},\"image\":{\"@id\":\"https:\\\/\\\/www.maquinadepropaganda.com.br\\\/blog\\\/ar-condicionado-americana-sp\\\/#primaryimage\"},\"thumbnailUrl\":\"https:\\\/\\\/www.maquinadepropaganda.com.br\\\/blog\\\/wp-content\\\/uploads\\\/2022\\\/07\\\/ar-condicionado-americana-sp.jpg\",\"datePublished\":\"2022-07-08T19:31:04+00:00\",\"dateModified\":\"2022-07-22T20:50:52+00:00\",\"breadcrumb\":{\"@id\":\"https:\\\/\\\/www.maquinadepropaganda.com.br\\\/blog\\\/ar-condicionado-americana-sp\\\/#breadcrumb\"},\"inLanguage\":\"pt-BR\",\"potentialAction\":[{\"@type\":\"ReadAction\",\"target\":[\"https:\\\/\\\/www.maquinadepropaganda.com.br\\\/blog\\\/ar-condicionado-americana-sp\\\/\"]}]},{\"@type\":\"ImageObject\",\"inLanguage\":\"pt-BR\",\"@id\":\"https:\\\/\\\/www.maquinadepropaganda.com.br\\\/blog\\\/ar-condicionado-americana-sp\\\/#primaryimage\",\"url\":\"https:\\\/\\\/www.maquinadepropaganda.com.br\\\/blog\\\/wp-content\\\/uploads\\\/2022\\\/07\\\/ar-condicionado-americana-sp.jpg\",\"contentUrl\":\"https:\\\/\\\/www.maquinadepropaganda.com.br\\\/blog\\\/wp-content\\\/uploads\\\/2022\\\/07\\\/ar-condicionado-americana-sp.jpg\",\"width\":400,\"height\":300},{\"@type\":\"BreadcrumbList\",\"@id\":\"https:\\\/\\\/www.maquinadepropaganda.com.br\\\/blog\\\/ar-condicionado-americana-sp\\\/#breadcrumb\",\"itemListElement\":[{\"@type\":\"ListItem\",\"position\":1,\"name\":\"In\u00edcio\",\"item\":\"https:\\\/\\\/www.maquinadepropaganda.com.br\\\/blog\\\/\"},{\"@type\":\"ListItem\",\"position\":2,\"name\":\"Ar Condicionado Americana SP | Refrigera\u00e7\u00e3o S\u00e3o Camilo\"}]},{\"@type\":\"WebSite\",\"@id\":\"https:\\\/\\\/www.maquinadepropaganda.com.br\\\/blog\\\/#website\",\"url\":\"https:\\\/\\\/www.maquinadepropaganda.com.br\\\/blog\\\/\",\"name\":\"Maquina de Propaganda\",\"description\":\"Marketing Digital\",\"publisher\":{\"@id\":\"https:\\\/\\\/www.maquinadepropaganda.com.br\\\/blog\\\/#organization\"},\"potentialAction\":[{\"@type\":\"SearchAction\",\"target\":{\"@type\":\"EntryPoint\",\"urlTemplate\":\"https:\\\/\\\/www.maquinadepropaganda.com.br\\\/blog\\\/?s={search_term_string}\"},\"query-input\":{\"@type\":\"PropertyValueSpecification\",\"valueRequired\":true,\"valueName\":\"search_term_string\"}}],\"inLanguage\":\"pt-BR\"},{\"@type\":\"Organization\",\"@id\":\"https:\\\/\\\/www.maquinadepropaganda.com.br\\\/blog\\\/#organization\",\"name\":\"Maquina de Propaganda\",\"url\":\"https:\\\/\\\/www.maquinadepropaganda.com.br\\\/blog\\\/\",\"logo\":{\"@type\":\"ImageObject\",\"inLanguage\":\"pt-BR\",\"@id\":\"https:\\\/\\\/www.maquinadepropaganda.com.br\\\/blog\\\/#\\\/schema\\\/logo\\\/image\\\/\",\"url\":\"https:\\\/\\\/www.maquinadepropaganda.com.br\\\/blog\\\/wp-content\\\/uploads\\\/2021\\\/09\\\/cropped-logo.png\",\"contentUrl\":\"https:\\\/\\\/www.maquinadepropaganda.com.br\\\/blog\\\/wp-content\\\/uploads\\\/2021\\\/09\\\/cropped-logo.png\",\"width\":240,\"height\":49,\"caption\":\"Maquina de Propaganda\"},\"image\":{\"@id\":\"https:\\\/\\\/www.maquinadepropaganda.com.br\\\/blog\\\/#\\\/schema\\\/logo\\\/image\\\/\"}},{\"@type\":\"Person\",\"@id\":\"https:\\\/\\\/www.maquinadepropaganda.com.br\\\/blog\\\/#\\\/schema\\\/person\\\/01e960051d378b73d3d441f3b712ecef\",\"name\":\"tecnico\",\"image\":{\"@type\":\"ImageObject\",\"inLanguage\":\"pt-BR\",\"@id\":\"https:\\\/\\\/www.maquinadepropaganda.com.br\\\/blog\\\/wp-content\\\/litespeed\\\/avatar\\\/ec22396df6b132dbd18a958feeb56496.jpg?ver=1777314855\",\"url\":\"https:\\\/\\\/www.maquinadepropaganda.com.br\\\/blog\\\/wp-content\\\/litespeed\\\/avatar\\\/ec22396df6b132dbd18a958feeb56496.jpg?ver=1777314855\",\"contentUrl\":\"https:\\\/\\\/www.maquinadepropaganda.com.br\\\/blog\\\/wp-content\\\/litespeed\\\/avatar\\\/ec22396df6b132dbd18a958feeb56496.jpg?ver=1777314855\",\"caption\":\"tecnico\"},\"url\":\"https:\\\/\\\/www.maquinadepropaganda.com.br\\\/blog\\\/author\\\/tecnico\\\/\"}]}<\/script>\n<!-- \/ Yoast SEO plugin. -->","yoast_head_json":{"title":"Ar Condicionado Americana SP | Refrigera\u00e7\u00e3o S\u00e3o Camilo - Maquina de Propaganda","robots":{"index":"index","follow":"follow","max-snippet":"max-snippet:-1","max-image-preview":"max-image-preview:large","max-video-preview":"max-video-preview:-1"},"canonical":"https:\/\/www.maquinadepropaganda.com.br\/blog\/ar-condicionado-americana-sp\/","og_locale":"pt_BR","og_type":"article","og_title":"Ar Condicionado Americana SP | Refrigera\u00e7\u00e3o S\u00e3o Camilo - Maquina de Propaganda","og_description":"A S\u00e3o Camilo Ar Condicionado atua com&nbsp;ar condicionado Americana SP, investindo sempre em produtos de \u00f3tima qualidade, com agilidade no atendimento e informa\u00e7\u00f5es necess\u00e1rias para sanar as d\u00favidas dos clientes. Visando a qualidade garantida do&nbsp;ar condicionado Americana SP, proporcionando total satisfa\u00e7\u00e3o. Buscamos sempre inovar com&nbsp;ar condicionado Americana SP, a S\u00e3o Camilo Ar Condicionado tem se [&hellip;]","og_url":"https:\/\/www.maquinadepropaganda.com.br\/blog\/ar-condicionado-americana-sp\/","og_site_name":"Maquina de Propaganda","article_published_time":"2022-07-08T19:31:04+00:00","article_modified_time":"2022-07-22T20:50:52+00:00","og_image":[{"width":400,"height":300,"url":"https:\/\/www.maquinadepropaganda.com.br\/blog\/wp-content\/uploads\/2022\/07\/ar-condicionado-americana-sp.jpg","type":"image\/jpeg"}],"author":"tecnico","twitter_card":"summary_large_image","twitter_misc":{"Escrito por":"tecnico"},"schema":{"@context":"https:\/\/schema.org","@graph":[{"@type":"Article","@id":"https:\/\/www.maquinadepropaganda.com.br\/blog\/ar-condicionado-americana-sp\/#article","isPartOf":{"@id":"https:\/\/www.maquinadepropaganda.com.br\/blog\/ar-condicionado-americana-sp\/"},"author":{"name":"tecnico","@id":"https:\/\/www.maquinadepropaganda.com.br\/blog\/#\/schema\/person\/01e960051d378b73d3d441f3b712ecef"},"headline":"Ar Condicionado Americana SP | Refrigera\u00e7\u00e3o S\u00e3o Camilo","datePublished":"2022-07-08T19:31:04+00:00","dateModified":"2022-07-22T20:50:52+00:00","mainEntityOfPage":{"@id":"https:\/\/www.maquinadepropaganda.com.br\/blog\/ar-condicionado-americana-sp\/"},"wordCount":100,"commentCount":0,"publisher":{"@id":"https:\/\/www.maquinadepropaganda.com.br\/blog\/#organization"},"image":{"@id":"https:\/\/www.maquinadepropaganda.com.br\/blog\/ar-condicionado-americana-sp\/#primaryimage"},"thumbnailUrl":"https:\/\/www.maquinadepropaganda.com.br\/blog\/wp-content\/uploads\/2022\/07\/ar-condicionado-americana-sp.jpg","articleSection":["Blog"],"inLanguage":"pt-BR","potentialAction":[{"@type":"CommentAction","name":"Comment","target":["https:\/\/www.maquinadepropaganda.com.br\/blog\/ar-condicionado-americana-sp\/#respond"]}]},{"@type":"WebPage","@id":"https:\/\/www.maquinadepropaganda.com.br\/blog\/ar-condicionado-americana-sp\/","url":"https:\/\/www.maquinadepropaganda.com.br\/blog\/ar-condicionado-americana-sp\/","name":"Ar Condicionado Americana SP | Refrigera\u00e7\u00e3o S\u00e3o Camilo - Maquina de Propaganda","isPartOf":{"@id":"https:\/\/www.maquinadepropaganda.com.br\/blog\/#website"},"primaryImageOfPage":{"@id":"https:\/\/www.maquinadepropaganda.com.br\/blog\/ar-condicionado-americana-sp\/#primaryimage"},"image":{"@id":"https:\/\/www.maquinadepropaganda.com.br\/blog\/ar-condicionado-americana-sp\/#primaryimage"},"thumbnailUrl":"https:\/\/www.maquinadepropaganda.com.br\/blog\/wp-content\/uploads\/2022\/07\/ar-condicionado-americana-sp.jpg","datePublished":"2022-07-08T19:31:04+00:00","dateModified":"2022-07-22T20:50:52+00:00","breadcrumb":{"@id":"https:\/\/www.maquinadepropaganda.com.br\/blog\/ar-condicionado-americana-sp\/#breadcrumb"},"inLanguage":"pt-BR","potentialAction":[{"@type":"ReadAction","target":["https:\/\/www.maquinadepropaganda.com.br\/blog\/ar-condicionado-americana-sp\/"]}]},{"@type":"ImageObject","inLanguage":"pt-BR","@id":"https:\/\/www.maquinadepropaganda.com.br\/blog\/ar-condicionado-americana-sp\/#primaryimage","url":"https:\/\/www.maquinadepropaganda.com.br\/blog\/wp-content\/uploads\/2022\/07\/ar-condicionado-americana-sp.jpg","contentUrl":"https:\/\/www.maquinadepropaganda.com.br\/blog\/wp-content\/uploads\/2022\/07\/ar-condicionado-americana-sp.jpg","width":400,"height":300},{"@type":"BreadcrumbList","@id":"https:\/\/www.maquinadepropaganda.com.br\/blog\/ar-condicionado-americana-sp\/#breadcrumb","itemListElement":[{"@type":"ListItem","position":1,"name":"In\u00edcio","item":"https:\/\/www.maquinadepropaganda.com.br\/blog\/"},{"@type":"ListItem","position":2,"name":"Ar Condicionado Americana SP | Refrigera\u00e7\u00e3o S\u00e3o Camilo"}]},{"@type":"WebSite","@id":"https:\/\/www.maquinadepropaganda.com.br\/blog\/#website","url":"https:\/\/www.maquinadepropaganda.com.br\/blog\/","name":"Maquina de Propaganda","description":"Marketing Digital","publisher":{"@id":"https:\/\/www.maquinadepropaganda.com.br\/blog\/#organization"},"potentialAction":[{"@type":"SearchAction","target":{"@type":"EntryPoint","urlTemplate":"https:\/\/www.maquinadepropaganda.com.br\/blog\/?s={search_term_string}"},"query-input":{"@type":"PropertyValueSpecification","valueRequired":true,"valueName":"search_term_string"}}],"inLanguage":"pt-BR"},{"@type":"Organization","@id":"https:\/\/www.maquinadepropaganda.com.br\/blog\/#organization","name":"Maquina de Propaganda","url":"https:\/\/www.maquinadepropaganda.com.br\/blog\/","logo":{"@type":"ImageObject","inLanguage":"pt-BR","@id":"https:\/\/www.maquinadepropaganda.com.br\/blog\/#\/schema\/logo\/image\/","url":"https:\/\/www.maquinadepropaganda.com.br\/blog\/wp-content\/uploads\/2021\/09\/cropped-logo.png","contentUrl":"https:\/\/www.maquinadepropaganda.com.br\/blog\/wp-content\/uploads\/2021\/09\/cropped-logo.png","width":240,"height":49,"caption":"Maquina de Propaganda"},"image":{"@id":"https:\/\/www.maquinadepropaganda.com.br\/blog\/#\/schema\/logo\/image\/"}},{"@type":"Person","@id":"https:\/\/www.maquinadepropaganda.com.br\/blog\/#\/schema\/person\/01e960051d378b73d3d441f3b712ecef","name":"tecnico","image":{"@type":"ImageObject","inLanguage":"pt-BR","@id":"https:\/\/www.maquinadepropaganda.com.br\/blog\/wp-content\/litespeed\/avatar\/ec22396df6b132dbd18a958feeb56496.jpg?ver=1777314855","url":"https:\/\/www.maquinadepropaganda.com.br\/blog\/wp-content\/litespeed\/avatar\/ec22396df6b132dbd18a958feeb56496.jpg?ver=1777314855","contentUrl":"https:\/\/www.maquinadepropaganda.com.br\/blog\/wp-content\/litespeed\/avatar\/ec22396df6b132dbd18a958feeb56496.jpg?ver=1777314855","caption":"tecnico"},"url":"https:\/\/www.maquinadepropaganda.com.br\/blog\/author\/tecnico\/"}]}},"_links":{"self":[{"href":"https:\/\/www.maquinadepropaganda.com.br\/blog\/wp-json\/wp\/v2\/posts\/943","targetHints":{"allow":["GET"]}}],"collection":[{"href":"https:\/\/www.maquinadepropaganda.com.br\/blog\/wp-json\/wp\/v2\/posts"}],"about":[{"href":"https:\/\/www.maquinadepropaganda.com.br\/blog\/wp-json\/wp\/v2\/types\/post"}],"author":[{"embeddable":true,"href":"https:\/\/www.maquinadepropaganda.com.br\/blog\/wp-json\/wp\/v2\/users\/2"}],"replies":[{"embeddable":true,"href":"https:\/\/www.maquinadepropaganda.com.br\/blog\/wp-json\/wp\/v2\/comments?post=943"}],"version-history":[{"count":2,"href":"https:\/\/www.maquinadepropaganda.com.br\/blog\/wp-json\/wp\/v2\/posts\/943\/revisions"}],"predecessor-version":[{"id":1173,"href":"https:\/\/www.maquinadepropaganda.com.br\/blog\/wp-json\/wp\/v2\/posts\/943\/revisions\/1173"}],"wp:featuredmedia":[{"embeddable":true,"href":"https:\/\/www.maquinadepropaganda.com.br\/blog\/wp-json\/wp\/v2\/media\/944"}],"wp:attachment":[{"href":"https:\/\/www.maquinadepropaganda.com.br\/blog\/wp-json\/wp\/v2\/media?parent=943"}],"wp:term":[{"taxonomy":"category","embeddable":true,"href":"https:\/\/www.maquinadepropaganda.com.br\/blog\/wp-json\/wp\/v2\/categories?post=943"},{"taxonomy":"post_tag","embeddable":true,"href":"https:\/\/www.maquinadepropaganda.com.br\/blog\/wp-json\/wp\/v2\/tags?post=943"}],"curies":[{"name":"wp","href":"https:\/\/api.w.org\/{rel}","templated":true}]}}